{"id":1127,"date":"2023-10-14T15:34:45","date_gmt":"2023-10-14T18:34:45","guid":{"rendered":"https:\/\/cidadecult.com.br\/?p=1127"},"modified":"2023-10-14T15:36:23","modified_gmt":"2023-10-14T18:36:23","slug":"novidades-sobre-caso-marielle-trazem-esperanca-e-cobranca-por-solucao","status":"publish","type":"post","link":"https:\/\/cidadecult.com.br\/?p=1127","title":{"rendered":"Novidades sobre caso Marielle trazem esperan\u00e7a e cobran\u00e7a por solu\u00e7\u00e3o"},"content":{"rendered":"\n<p>Parentes e amigos da vereadora se manifestam ap\u00f3s nova pris\u00e3o<\/p>\n\n\n\n<figure class=\"wp-block-image\"><img decoding=\"async\" src=\"https:\/\/agenciabrasil.ebc.com.br\/ebc.png?id=1545303&amp;o=node\" alt=\"\"\/><\/figure>\n\n\n\n<figure class=\"wp-block-image\"><img decoding=\"async\" src=\"https:\/\/agenciabrasil.ebc.com.br\/ebc.gif?id=1545303&amp;o=node\" alt=\"\"\/><\/figure>\n\n\n\n<p>As novidades desta segunda-feira (24) envolvendo as investiga\u00e7\u00f5es da morte de Marielle Franco e do motorista Anderson Gomes provocaram rea\u00e7\u00f5es em parentes e amigos da vereadora. O tom das manifesta\u00e7\u00f5es \u00e9 de esperan\u00e7a, mas tamb\u00e9m de cobran\u00e7a por uma solu\u00e7\u00e3o definitiva do caso.<\/p>\n\n\n\n<p>A m\u00e3e de Marielle, Marinete da Silva, participou de uma manifesta\u00e7\u00e3o pelos 30 anos da chacina da Candel\u00e1ria, no centro do Rio de Janeiro. Marinete mostrou ter esperan\u00e7a na solu\u00e7\u00e3o do assassinato de sua filha. \u201cS\u00e3o cinco anos que a gente est\u00e1 lutando com muita esperan\u00e7a tamb\u00e9m. E acho que n\u00f3s vamos ter esse j\u00fari este ano e vamos continuar lutando para que Marielle e Anderson tenham uma Justi\u00e7a digna e necess\u00e1ria\u201d.<\/p>\n\n\n\n<p>Nesta segunda, a Pol\u00edcia Federal (PF)&nbsp;<a href=\"https:\/\/agenciabrasil.ebc.com.br\/geral\/noticia\/2023-07\/operacao-que-apura-morte-de-marielle-prende-no-rio-ex-bombeiro\" target=\"_blank\" rel=\"noreferrer noopener\">prendeu o ex-sargento do Corpo de Bombeiros Maxwell Sim\u00f5es<\/a>, o Suel, amigo de Ronnie Lessa e que monitorou os passos de Marielle desde 2017. O crime ocorreu no dia 14 de mar\u00e7o de 2018, por volta das 21h30, na rua Joaquim Palhares, no bairro do Est\u00e1cio, na regi\u00e3o central do Rio. Marielle e Anderson foram mortos a tiros dentro de um carro. A assessora da vereadora, Fernanda Chaves, tamb\u00e9m estava no ve\u00edculo, mas sobreviveu aos ferimentos.<\/p>\n\n\n\n<p>As informa\u00e7\u00f5es divulgadas hoje pelo Minist\u00e9rio da Justi\u00e7a indicam que a colabora\u00e7\u00e3o entre institui\u00e7\u00f5es federais, o Minist\u00e9rio P\u00fablico do Rio de Janeiro e Pol\u00edcia Federal levaram \u00e0 resposta sobre quem matou Marielle e Anderson, concluindo a primeira etapa das investiga\u00e7\u00f5es.<\/p>\n\n\n\n<p>A assessora da vereadora se manifestou nas redes sociais ap\u00f3s as \u00faltimas informa\u00e7\u00f5es: \u201cRecebo a not\u00edcia com satisfa\u00e7\u00e3o. Um passo importante, sobretudo ap\u00f3s um imenso hiato, em que ficamos sem qualquer avan\u00e7o das investiga\u00e7\u00f5es e nenhuma manifesta\u00e7\u00e3o das autoridades sobre esse crime\u201d.<\/p>\n\n\n\n<p>Ela afirmou ainda que o assassinato de Marielle foi um crime pol\u00edtico. \u201cEsse atentado exp\u00f4s a vulnerabilidade da nossa democracia e exp\u00f4s a fr\u00e1gil prote\u00e7\u00e3o oferecida aos defensores de direitos humanos. Seu n\u00e3o esclarecimento s\u00f3 fez contribuir para a sensa\u00e7\u00e3o de impunidade e ainda macula a legitimidade das institui\u00e7\u00f5es garantidoras de seguran\u00e7a p\u00fablica do pa\u00eds &#8211; e foi assim nos \u00faltimos anos. Quem zela pela democracia ir\u00e1 em busca da resposta, justi\u00e7a e responsabiliza\u00e7\u00e3o\u201d.<\/p>\n\n\n\n<p>J\u00e1 a vereadora M\u00f4nica Ben\u00edcio (Psol), ex-mulher de Marielle, seguiu o racioc\u00ednio de Marinete e exaltou o trabalho da pol\u00edcia. \u201cA diferen\u00e7a que faz termos um governo comprometido com a seguran\u00e7a p\u00fablica e com a justi\u00e7a: a PF realizou hoje opera\u00e7\u00f5es para avan\u00e7ar na investiga\u00e7\u00e3o dos assassinatos de Marielle e Anderson. Eu quero respostas. As fam\u00edlias, o pa\u00eds e a democracia brasileira precisam de respostas\u201d.<\/p>\n\n\n\n<h2 class=\"wp-block-heading\">Cobran\u00e7a<\/h2>\n\n\n\n<p>A organiza\u00e7\u00e3o n\u00e3o governamental (ONG) Anistia Internacional Brasil divulgou uma nota cobrando das autoridades a identidade dos mandantes do crime. O documento diz que a identifica\u00e7\u00e3o dos executores do crime \u00e9 apenas o primeiro passo.<\/p>\n\n\n\n<p>\u201c\u00c9 importante conhecermos a identidade dos executores, mas esta \u00e9 ainda a primeira de muitas respostas que seguem em aberto. \u00c9 inadmiss\u00edvel que as autoridades respons\u00e1veis pelas investiga\u00e7\u00f5es, depois de tantos recursos investidos nesse processo, n\u00e3o tenham chegado a uma conclus\u00e3o sobre os mandantes e sequer tenham levado os acusados pela execu\u00e7\u00e3o do crime a j\u00fari popular\u201d.<\/p>\n\n\n\n<p>Edi\u00e7\u00e3o: Marcelo Brand\u00e3o<a href=\"https:\/\/agenciabrasil.ebc.com.br\/tags\/marielle-franco\">Marielle Franco<\/a><a href=\"https:\/\/agenciabrasil.ebc.com.br\/tags\/assassinato-de-marielle-e-anderson\">assassinato de Marielle e Anderson<\/a><\/p>\n","protected":false},"excerpt":{"rendered":"<p>Parentes e amigos da vereadora se manifestam ap\u00f3s nova pris\u00e3o As novidades desta segunda-feira (24) envolvendo as investiga\u00e7\u00f5es da morte de Marielle Franco e do motorista Anderson Gomes provocaram rea\u00e7\u00f5es em parentes e amigos da vereadora. O tom das manifesta\u00e7\u00f5es \u00e9 de esperan\u00e7a, mas tamb\u00e9m de cobran\u00e7a por uma solu\u00e7\u00e3o definitiva do caso. A m\u00e3e [&hellip;]<\/p>\n","protected":false},"author":1,"featured_media":1128,"comment_status":"open","ping_status":"open","sticky":false,"template":"","format":"standard","meta":{"_monsterinsights_skip_tracking":false,"_monsterinsights_sitenote_active":false,"_monsterinsights_sitenote_note":"","_monsterinsights_sitenote_category":0,"footnotes":""},"categories":[34,1],"tags":[83,85],"class_list":["post-1127","post","type-post","status-publish","format-standard","has-post-thumbnail","hentry","category-destaque","category-sem-categoria","tag-marielle-franco","tag-quem-matou-marielle"],"_links":{"self":[{"href":"https:\/\/cidadecult.com.br\/index.php?rest_route=\/wp\/v2\/posts\/1127","targetHints":{"allow":["GET"]}}],"collection":[{"href":"https:\/\/cidadecult.com.br\/index.php?rest_route=\/wp\/v2\/posts"}],"about":[{"href":"https:\/\/cidadecult.com.br\/index.php?rest_route=\/wp\/v2\/types\/post"}],"author":[{"embeddable":true,"href":"https:\/\/cidadecult.com.br\/index.php?rest_route=\/wp\/v2\/users\/1"}],"replies":[{"embeddable":true,"href":"https:\/\/cidadecult.com.br\/index.php?rest_route=%2Fwp%2Fv2%2Fcomments&post=1127"}],"version-history":[{"count":1,"href":"https:\/\/cidadecult.com.br\/index.php?rest_route=\/wp\/v2\/posts\/1127\/revisions"}],"predecessor-version":[{"id":1129,"href":"https:\/\/cidadecult.com.br\/index.php?rest_route=\/wp\/v2\/posts\/1127\/revisions\/1129"}],"wp:featuredmedia":[{"embeddable":true,"href":"https:\/\/cidadecult.com.br\/index.php?rest_route=\/wp\/v2\/media\/1128"}],"wp:attachment":[{"href":"https:\/\/cidadecult.com.br\/index.php?rest_route=%2Fwp%2Fv2%2Fmedia&parent=1127"}],"wp:term":[{"taxonomy":"category","embeddable":true,"href":"https:\/\/cidadecult.com.br\/index.php?rest_route=%2Fwp%2Fv2%2Fcategories&post=1127"},{"taxonomy":"post_tag","embeddable":true,"href":"https:\/\/cidadecult.com.br\/index.php?rest_route=%2Fwp%2Fv2%2Ftags&post=1127"}],"curies":[{"name":"wp","href":"https:\/\/api.w.org\/{rel}","templated":true}]}}