{"id":1118,"date":"2023-10-14T15:20:03","date_gmt":"2023-10-14T18:20:03","guid":{"rendered":"https:\/\/cidadecult.com.br\/?p=1118"},"modified":"2023-10-14T15:20:06","modified_gmt":"2023-10-14T18:20:06","slug":"mostra-homenageia-icones-da-resistencia-negra-originaria-e-periferica","status":"publish","type":"post","link":"https:\/\/cidadecult.com.br\/?p=1118","title":{"rendered":"Mostra homenageia \u00edcones da resist\u00eancia negra, origin\u00e1ria e perif\u00e9rica"},"content":{"rendered":"\n<h1 class=\"wp-block-heading\"><\/h1>\n\n\n\n<p>\u200cFotografias, proje\u00e7\u00f5es mapeadas, anima\u00e7\u00f5es e picha\u00e7\u00f5es falam sobre segrega\u00e7\u00e3o, viol\u00eancia racial e apagamentos hist\u00f3ricos<\/p>\n\n\n\n<p>Carolina Caraballo, da Ag\u00eancia Bras\u00edlia | Edi\u00e7\u00e3o: Vinicius Nader<\/p>\n\n\n\n<p>\u200cA cidade onde voc\u00ea mora te representa? Esse \u00e9 o questionamento que o Coletivo Coletores, criado pelos artistas Toni Baptiste e Fl\u00e1vio Camargo, leva para a exposi\u00e7\u00e3o&nbsp;<em>Signos de resist\u00eancia, bordas da mem\u00f3ria<\/em>. A mostra gratuita fica em cartaz at\u00e9 10 de setembro na galeria principal do Museu Nacional da Rep\u00fablica. S\u00e3o mais de 250 obras (50 delas in\u00e9ditas) e trabalhos emblem\u00e1ticos da dupla.<\/p>\n\n\n\n<p>\u200cInterven\u00e7\u00f5es urbanas digitais, fotografias, proje\u00e7\u00f5es mapeadas, anima\u00e7\u00f5es, picha\u00e7\u00f5es e instala\u00e7\u00f5es multim\u00eddia permitem que o p\u00fablico lance um olhar sobre os s\u00edmbolos que representam luta e resist\u00eancia n\u00e3o apenas no territ\u00f3rio brasileiro, mas tamb\u00e9m em outros pa\u00edses em desenvolvimento. A exposi\u00e7\u00e3o busca recontar a hist\u00f3ria do Brasil a partir de suas mem\u00f3rias apagadas, da viol\u00eancia f\u00edsica e racial, e da segrega\u00e7\u00e3o.<\/p>\n\n\n\n<figure class=\"wp-block-image\"><img decoding=\"async\" src=\"https:\/\/agenciabrasilia.df.gov.br\/wp-conteudo\/uploads\/2023\/07\/Coletivo-Coletores-Museu-Nacional-13.07.23-@fercoutinho-007-FER_0075.jpg\" alt=\"\" class=\"wp-image-526203\"\/><figcaption>A exposi\u00e7\u00e3o \u2018Signos de resist\u00eancia, bordas da mem\u00f3ria\u2019, do Coletivo Coletores, re\u00fane interven\u00e7\u00f5es urbanas digitais, fotografias, proje\u00e7\u00f5es mapeadas, anima\u00e7\u00f5es, picha\u00e7\u00f5es e instala\u00e7\u00f5es multim\u00eddia | Fotos: Fernanda Coutinho\/Divulga\u00e7\u00e3o<\/figcaption><\/figure>\n\n\n\n<p>\u200c\u201cO Coletivo Coletores traz elementos que est\u00e3o contidos no cotidiano de v\u00e1rias pessoas ligadas \u00e0 resist\u00eancia: a bandana, a flecha, a bala, o fogo\u2026\u201d, conta a curadora da mostra, Aline Ambr\u00f3sio. \u201cOs artistas usam uma linguagem po\u00e9tica e acolhedora para gerar reflex\u00e3o, para que as pessoas olhem para os territ\u00f3rios e percebam se eles nos representam\u201d, completa.<\/p>\n\n\n\n<p>\u200cA mostra \u00e9 organizada em seis n\u00facleos. Na sess\u00e3o<em>&nbsp;\u00cdcones da Resist\u00eancia<\/em>, figuras da resist\u00eancia brasileira, pessoas negras, origin\u00e1rias e perif\u00e9ricas, s\u00e3o homenageadas. J\u00e1 na ala&nbsp;<em>Bandanas-Bandeiras<\/em>, esses elementos identit\u00e1rios s\u00e3o apresentados em diferentes formatos, como fotografia, v\u00eddeo e instala\u00e7\u00e3o, demonstrando sua diversidade po\u00e9tica, pol\u00edtica e est\u00e9tica.<\/p>\n\n\n\n<p>\u200cO n\u00facleo&nbsp;<em>Arquitetura: Territ\u00f3rios de Mem\u00f3ria<\/em>&nbsp;mostra a apropria\u00e7\u00e3o da cidade e a rela\u00e7\u00e3o dos artistas com a arquitetura e o territ\u00f3rio. A sess\u00e3o&nbsp;<em>PALAVRACIDADE<\/em>&nbsp;concentra trabalhos dedicados \u00e0 palavra como uma ferramenta de resist\u00eancia e exist\u00eancia. Em Costurando Bordas o Coletivo Coletores traz ao p\u00fablico uma esp\u00e9cie de ateli\u00ea aberto, dando destaque \u00e0 moda, \u00e0 m\u00fasica, ao comportamento e ao entretenimento.<\/p>\n\n\n\n<p><strong>Leia tamb\u00e9m<\/strong><a href=\"https:\/\/agenciabrasilia.df.gov.br\/2023\/07\/21\/de-jazz-a-exposicoes-e-museu-programacao-cultural-no-fim-de-semana\/\"><strong>De jazz a exposi\u00e7\u00f5es e museu: programa\u00e7\u00e3o cultural no fim de semana<\/strong><\/a><a href=\"https:\/\/agenciabrasilia.df.gov.br\/2023\/07\/21\/zoo-tem-entrada-gratuita-para-quem-for-se-vacinar-neste-sabado\/\"><strong>Zoo tem entrada gratuita para quem for se vacinar neste s\u00e1bado<\/strong><\/a><\/p>\n\n\n\n<p>\u200cPor fim, o n\u00facleo Percursos Insurgentes traz a representa\u00e7\u00e3o do ledtruck. O ve\u00edculo, munido de um grande painel de LED, come\u00e7ou a ser usado pelo Coletivo Coletores durante a pandemia para levar palavras e imagens de manifesto contra apagamentos hist\u00f3ricos, viol\u00eancias sociorraciais, injusti\u00e7as globais e desigualdades.<\/p>\n\n\n\n<p>\u200cNo Dia Internacional da Mulher Negra, Latino-Americana e Caribenha, comemorado em 25 de julho, o Coletivo Coletores far\u00e1 uma a\u00e7\u00e3o presencial no Museu da Rep\u00fablica. \u201cOs artistas far\u00e3o proje\u00e7\u00f5es na fachada do espa\u00e7o para homenagear a data\u201d, adianta Aline. A interven\u00e7\u00e3o urbana digital poder\u00e1 ser conferida das 19h \u00e0s 22h.<\/p>\n\n\n\n<figure class=\"wp-block-image\"><img decoding=\"async\" src=\"https:\/\/agenciabrasilia.df.gov.br\/wp-conteudo\/uploads\/2023\/07\/Coletivo-Coletores-Museu-Nacional-13.07.23-@fercoutinho-021-FER_0890.jpg\" alt=\"\" class=\"wp-image-526211\"\/><figcaption>O Coletivo Coletores traz elementos que est\u00e3o contidos no cotidiano de v\u00e1rias pessoas ligadas \u00e0 resist\u00eancia<\/figcaption><\/figure>\n\n\n\n<p>\u200c<strong>Signos de resist\u00eancia, bordas da mem\u00f3ria<br><\/strong>Museu Nacional da Rep\u00fablica<br>At\u00e9 10 de setembro, de ter\u00e7a a domingo, das 9h \u00e0s 18h30<br>Entrada gratuita<br>Censura livre\u200b<\/p>\n\n\n\n<ul class=\"wp-block-list\"><li><a href=\"https:\/\/agenciabrasilia.df.gov.br\/topicos\/artes-visuais\">ARTES VISUAIS<\/a><\/li><li><a href=\"https:\/\/agenciabrasilia.df.gov.br\/topicos\/coletivo-coletores\">COLETIVO COLETORES<\/a><\/li><li><a href=\"https:\/\/agenciabrasilia.df.gov.br\/topicos\/exposicao\">EXPOSI\u00c7\u00c3O<\/a><\/li><li><a href=\"https:\/\/agenciabrasilia.df.gov.br\/topicos\/museu-nacional-da-republica\">MUSEU NACIONAL DA REP\u00daBLICA<\/a><\/li><\/ul>\n","protected":false},"excerpt":{"rendered":"<p>\u200cFotografias, proje\u00e7\u00f5es mapeadas, anima\u00e7\u00f5es e picha\u00e7\u00f5es falam sobre segrega\u00e7\u00e3o, viol\u00eancia racial e apagamentos hist\u00f3ricos Carolina Caraballo, da Ag\u00eancia Bras\u00edlia | Edi\u00e7\u00e3o: Vinicius Nader \u200cA cidade onde voc\u00ea mora te representa? Esse \u00e9 o questionamento que o Coletivo Coletores, criado pelos artistas Toni Baptiste e Fl\u00e1vio Camargo, leva para a exposi\u00e7\u00e3o&nbsp;Signos de resist\u00eancia, bordas da mem\u00f3ria. [&hellip;]<\/p>\n","protected":false},"author":1,"featured_media":1119,"comment_status":"open","ping_status":"open","sticky":false,"template":"","format":"standard","meta":{"_monsterinsights_skip_tracking":false,"_monsterinsights_sitenote_active":false,"_monsterinsights_sitenote_note":"","_monsterinsights_sitenote_category":0,"footnotes":""},"categories":[41,17,34],"tags":[81,78,79,82],"class_list":["post-1118","post","type-post","status-publish","format-standard","has-post-thumbnail","hentry","category-agenda","category-bsb","category-destaque","tag-homenagem","tag-negra","tag-negritude","tag-reisistencia"],"_links":{"self":[{"href":"https:\/\/cidadecult.com.br\/index.php?rest_route=\/wp\/v2\/posts\/1118","targetHints":{"allow":["GET"]}}],"collection":[{"href":"https:\/\/cidadecult.com.br\/index.php?rest_route=\/wp\/v2\/posts"}],"about":[{"href":"https:\/\/cidadecult.com.br\/index.php?rest_route=\/wp\/v2\/types\/post"}],"author":[{"embeddable":true,"href":"https:\/\/cidadecult.com.br\/index.php?rest_route=\/wp\/v2\/users\/1"}],"replies":[{"embeddable":true,"href":"https:\/\/cidadecult.com.br\/index.php?rest_route=%2Fwp%2Fv2%2Fcomments&post=1118"}],"version-history":[{"count":1,"href":"https:\/\/cidadecult.com.br\/index.php?rest_route=\/wp\/v2\/posts\/1118\/revisions"}],"predecessor-version":[{"id":1120,"href":"https:\/\/cidadecult.com.br\/index.php?rest_route=\/wp\/v2\/posts\/1118\/revisions\/1120"}],"wp:featuredmedia":[{"embeddable":true,"href":"https:\/\/cidadecult.com.br\/index.php?rest_route=\/wp\/v2\/media\/1119"}],"wp:attachment":[{"href":"https:\/\/cidadecult.com.br\/index.php?rest_route=%2Fwp%2Fv2%2Fmedia&parent=1118"}],"wp:term":[{"taxonomy":"category","embeddable":true,"href":"https:\/\/cidadecult.com.br\/index.php?rest_route=%2Fwp%2Fv2%2Fcategories&post=1118"},{"taxonomy":"post_tag","embeddable":true,"href":"https:\/\/cidadecult.com.br\/index.php?rest_route=%2Fwp%2Fv2%2Ftags&post=1118"}],"curies":[{"name":"wp","href":"https:\/\/api.w.org\/{rel}","templated":true}]}}