{"id":11165,"date":"2025-02-13T11:01:19","date_gmt":"2025-02-13T14:01:19","guid":{"rendered":"https:\/\/cidadecult.com.br\/?p=11165"},"modified":"2025-02-13T11:02:27","modified_gmt":"2025-02-13T14:02:27","slug":"grupo-embaraca-compartilha-processos-criativos-em-oficina-e-roda-de-conversa","status":"publish","type":"post","link":"https:\/\/cidadecult.com.br\/?p=11165","title":{"rendered":"Grupo Embara\u00e7a compartilha processos criativos em oficina e roda de conversa"},"content":{"rendered":"\n<p><em>Foto\/divulga\u00e7\u00e3o<\/em><\/p>\n\n\n\n<p><strong>O grupo &#8220;Embara\u00e7a&#8221;, coletivo de teatro negro feminino<\/strong>, celebra <strong>12 anos<\/strong> de trajet\u00f3ria levando aos palcos<strong> narrativas autorais e potentes sobre a viv\u00eancia de mulheres negras.<\/strong> <strong>Com um repert\u00f3rio consolidado de sete espet\u00e1culos, a companhia agora convida o p\u00fablico a conhecer seus processos criativos por meio de duas atividades gratuitas em Bras\u00edlia.<\/strong><\/p>\n\n\n\n<h3 class=\"wp-block-heading\">Oficina &#8220;Performance negra&#8221;<\/h3>\n\n\n\n<p><strong>Com apoio do edital &#8220;Funarte retomada&#8221;, a oficina ser\u00e1 realizada na Escola Parque 308 Sul, entre os dias 17 e 21 de fevereiro, das 19h \u00e0s 22h. Ministrada por Tuanny Ara\u00fajo e Fernanda Jacob, a atividade apresenta t\u00e9cnicas c\u00eanicas do grupo, com \u00eanfase em influ\u00eancias musicais, corporais e est\u00e9ticas de criadoras negras.<\/strong><\/p>\n\n\n\n<p><strong>O processo estimula a express\u00e3o c\u00eanica e liter\u00e1ria atrav\u00e9s de jogos teatrais e exerc\u00edcios de improvisa\u00e7\u00e3o, criando um ambiente de fortalecimento para pessoas afetadas por din\u00e2micas racistas, patriarcais e sexistas.<\/strong> As<strong> inscri\u00e7\u00f5es est\u00e3o abertas <\/strong>pelo<strong> <a href=\"link: \">link<\/a><\/strong>.<\/p>\n\n\n\n<h3 class=\"wp-block-heading\">Roda de conversa &#8220;Futuro e novas tecnologias&#8221;<\/h3>\n\n\n\n<p>No dia <strong>20 de fevereiro<\/strong>, \u00e0s <strong>17h<\/strong>, o<strong> SESC esta\u00e7\u00e3o 504 Sul <\/strong>recebe a<strong> roda de conversa &#8220;Futuro e novas tecnologias&#8221;<\/strong>, com apoio da<strong> Lei Paulo Gustavo<\/strong>, dentro do<strong> projeto &#8220;Grupo embara\u00e7a 10 anos&#8221;.<\/strong> <strong>O bate-papo contar\u00e1 com as pesquisadoras negras Bianca D\u2019Aya e Ma\u00edra Brito, trazendo reflex\u00f5es sobre tecnologia e identidade.<\/strong><\/p>\n\n\n\n<p><strong>Bianca D\u2019Aya \u00e9 idealizadora do &#8220;Guia afetivo negro do DF&#8221; e fundadora da ag\u00eancia &#8220;Me leva Cerrado&#8221;. Ma\u00edra Brito, jornalista e doutora em Direitos Humanos pela UnB, \u00e9 autora do livro &#8220;N\u00e3o. Ele n\u00e3o est\u00e1&#8221;<\/strong>. O debate abordar\u00e1 o <strong>afrofuturismo como ferramenta de cria\u00e7\u00e3o de narrativas inovadoras e inclus\u00e3o digital.<\/strong><\/p>\n\n\n\n<h3 class=\"wp-block-heading\">Servi\u00e7o:<\/h3>\n\n\n\n<p>\ud83d\udccc <strong>Oficina Performance Negra<\/strong><br>\ud83d\udccd Escola Parque 308 Sul<br>\ud83d\udcc5 17 a 21 de fevereiro<br>\ud83d\udd52 19h \u00e0s 22h<br>\ud83d\udcbb Inscri\u00e7\u00f5es: <a href=\"https:\/\/forms.gle\/NGt23tpuPyhUGKct7\">https:\/\/forms.gle\/NGt23tpuPyhUGKct7<\/a><\/p>\n\n\n\n<p>\ud83d\udccc <strong>Roda de conversa &#8211; Futuro e Novas Tecnologias<\/strong><br>\ud83d\udccd SESC Esta\u00e7\u00e3o 504 Sul<br>\ud83d\udcc5 20 de fevereiro<br>\ud83d\udd52 17h<br>\ud83c\udf9f Entrada franca<\/p>\n\n\n\n<p><strong>Mais informa\u00e7\u00f5es:<\/strong><br>\ud83d\udcde Rodrigo Machado &#8211; (61) 9.8654.2569<br>\ud83d\udce2 @territorio.comunicacao (Facebook e Instagram)<br>\ud83d\udd17 <a href=\"https:\/\/bit.ly\/TerritorioComunicacao-Portfolio\">https:\/\/bit.ly\/TerritorioComunicacao-Portfolio<\/a><\/p>\n","protected":false},"excerpt":{"rendered":"<p>Foto\/divulga\u00e7\u00e3o O grupo &#8220;Embara\u00e7a&#8221;, coletivo de teatro negro feminino, celebra 12 anos de trajet\u00f3ria levando aos palcos narrativas autorais e potentes sobre a viv\u00eancia de mulheres negras. Com um repert\u00f3rio consolidado de sete espet\u00e1culos, a companhia agora convida o p\u00fablico a conhecer seus processos criativos por meio de duas atividades gratuitas em Bras\u00edlia. Oficina &#8220;Performance [&hellip;]<\/p>\n","protected":false},"author":1441,"featured_media":11166,"comment_status":"open","ping_status":"open","sticky":false,"template":"","format":"standard","meta":{"_monsterinsights_skip_tracking":false,"_monsterinsights_sitenote_active":false,"_monsterinsights_sitenote_note":"","_monsterinsights_sitenote_category":0,"footnotes":""},"categories":[41,17,34,3],"tags":[403,3196,4389],"class_list":["post-11165","post","type-post","status-publish","format-standard","has-post-thumbnail","hentry","category-agenda","category-bsb","category-destaque","category-entertainment","tag-cidadecult-2","tag-grupoembaraca","tag-rodasdeconversa"],"_links":{"self":[{"href":"https:\/\/cidadecult.com.br\/index.php?rest_route=\/wp\/v2\/posts\/11165","targetHints":{"allow":["GET"]}}],"collection":[{"href":"https:\/\/cidadecult.com.br\/index.php?rest_route=\/wp\/v2\/posts"}],"about":[{"href":"https:\/\/cidadecult.com.br\/index.php?rest_route=\/wp\/v2\/types\/post"}],"author":[{"embeddable":true,"href":"https:\/\/cidadecult.com.br\/index.php?rest_route=\/wp\/v2\/users\/1441"}],"replies":[{"embeddable":true,"href":"https:\/\/cidadecult.com.br\/index.php?rest_route=%2Fwp%2Fv2%2Fcomments&post=11165"}],"version-history":[{"count":1,"href":"https:\/\/cidadecult.com.br\/index.php?rest_route=\/wp\/v2\/posts\/11165\/revisions"}],"predecessor-version":[{"id":11167,"href":"https:\/\/cidadecult.com.br\/index.php?rest_route=\/wp\/v2\/posts\/11165\/revisions\/11167"}],"wp:featuredmedia":[{"embeddable":true,"href":"https:\/\/cidadecult.com.br\/index.php?rest_route=\/wp\/v2\/media\/11166"}],"wp:attachment":[{"href":"https:\/\/cidadecult.com.br\/index.php?rest_route=%2Fwp%2Fv2%2Fmedia&parent=11165"}],"wp:term":[{"taxonomy":"category","embeddable":true,"href":"https:\/\/cidadecult.com.br\/index.php?rest_route=%2Fwp%2Fv2%2Fcategories&post=11165"},{"taxonomy":"post_tag","embeddable":true,"href":"https:\/\/cidadecult.com.br\/index.php?rest_route=%2Fwp%2Fv2%2Ftags&post=11165"}],"curies":[{"name":"wp","href":"https:\/\/api.w.org\/{rel}","templated":true}]}}