{"id":1114,"date":"2023-10-14T15:13:15","date_gmt":"2023-10-14T18:13:15","guid":{"rendered":"https:\/\/cidadecult.com.br\/?p=1114"},"modified":"2023-10-14T15:13:18","modified_gmt":"2023-10-14T18:13:18","slug":"ciclovias-do-df-aumentam-em-quase-30-quilometros","status":"publish","type":"post","link":"https:\/\/cidadecult.com.br\/?p=1114","title":{"rendered":"Ciclovias do DF aumentam em quase 30 quil\u00f4metros"},"content":{"rendered":"\n<h1 class=\"wp-block-heading\"><\/h1>\n\n\n\n<p>Em menos de tr\u00eas meses, de maio a julho de 2023, a malha cresceu 28 km, em quase todas as \u00e1reas do Distrito Federal; investimento em ciclomobilidade j\u00e1 ultrapassa R$ 27 milh\u00f5es desde 2019<\/p>\n\n\n\n<p>Josiane Borges, da Ag\u00eancia Bras\u00edlia | Edi\u00e7\u00e3o: Saulo Moreno<\/p>\n\n\n\n<p>A cada dia que passa, \u00e9 mais comum avistar bicicletas e grupos de ciclistas nas ruas do Distrito Federal. Isso porque o DF tem se preparado para se tornar a maior malha ciclovi\u00e1ria do pa\u00eds. Com 664, 77 km de ciclovias instaladas em 30 regi\u00f5es administrativas, a meta \u00e9, em breve, aumentar em mais 105 km, fazendo a interliga\u00e7\u00e3o dos trechos j\u00e1 existentes. Com esse acr\u00e9scimo, a malha passar\u00e1 para 769,77 km, a maior do pa\u00eds.<\/p>\n\n\n\n<blockquote class=\"wp-block-quote is-layout-flow wp-block-quote-is-layout-flow\"><p>\u201cHoje temos a segunda maior malha ciclovi\u00e1ria do pa\u00eds. E estamos com 105 km de ciclovias em readequa\u00e7\u00e3o de projeto para a fase de licita\u00e7\u00e3o. Com isso, passaremos a ser a maior do pa\u00eds. Os 19 novos trechos ser\u00e3o constru\u00eddos em v\u00e1rias regi\u00f5es administrativas, dentre elas Samambaia Norte, liga\u00e7\u00e3o entre Samambaia e Taguatinga, na regi\u00e3o do aut\u00f3dromo, entre outras\u201dSilas Lemos Teixeira, diretor de infraestrutura e Ciclomobilidade<\/p><\/blockquote>\n\n\n\n<p>O investimento em ciclomobilidade, desde 2019, j\u00e1 ultrapassou a casa dos R$ 27 milh\u00f5es, valores referentes a todas as ciclovias constru\u00eddas pelo Departamento de Estradas de Rodagem (DER) e pela Secretaria de Mobilidade do DF (Semob). Em menos de tr\u00eas meses, de maio a julho de 2023, a malha cresceu 28 km, em especial, na regi\u00e3o da Estrada Parque do Contorno (DF-001), nas proximidades do Jardim Bot\u00e2nico, N\u00facleo Bandeirante Candangol\u00e2ndia, Gama e na DF 440, nas imedia\u00e7\u00f5es de Sobradinho.<\/p>\n\n\n\n<p>\u201cHoje temos a segunda maior malha ciclovi\u00e1ria do pa\u00eds. E estamos com 105 km de ciclovias em readequa\u00e7\u00e3o de projeto para a fase de licita\u00e7\u00e3o. Com isso, passaremos a ser a maior do pa\u00eds. Os 19 novos trechos ser\u00e3o constru\u00eddos em v\u00e1rias regi\u00f5es administrativas, dentre elas Samambaia Norte, liga\u00e7\u00e3o entre Samambaia e Taguatinga, na regi\u00e3o do aut\u00f3dromo, entre outras\u201d, destaca Silas Lemos Teixeira, diretor de Infraestrutura de Ciclomobilidade da Semob. Atualmente, o estado com a maior quantidade de ciclovias do Brasil, \u00e9 S\u00e3o Paulo com 722,1 km de via ciclovi\u00e1ria permanente.<\/p>\n\n\n\n<figure class=\"wp-block-image\"><img decoding=\"async\" src=\"https:\/\/agenciabrasilia.df.gov.br\/wp-conteudo\/uploads\/2023\/07\/Dentro-2-19-1024x683.jpg\" alt=\"\" class=\"wp-image-526391\"\/><figcaption>O investimento em ciclomobilidade, desde 2019, j\u00e1 ultrapassou a casa dos R$ 27 milh\u00f5es, valores referentes a todas as ciclovias constru\u00eddas pelo Departamento de Estradas de Rodagem (DER) e pela Secretaria de Mobilidade do DF (Semob) | Foto: Tony Oliveira\/Ag\u00eancia Bras\u00edlia<\/figcaption><\/figure>\n\n\n\n<p>Os n\u00fameros mostram que o investimento e o incentivo do uso da bicicleta, pelo governo local vem ao encontro da demanda crescente pelo modal em todas as regi\u00f5es administrativas. Atualmente, o Plano Piloto \u00e9 a regional com o maior n\u00famero de pistas para bicicletas: 138.08 km. Em segundo lugar est\u00e1 o Lago Sul, com 58.233 km. Em seguida, aparecem Park Way (50.68 km), Lago Norte (33.88 km), Ceil\u00e2ndia (33.62 km), Santa Maria (33.14 km) e Gama (35.87 km).<\/p>\n\n\n\n<p>Apaixonado por ciclismo, o promotor do&nbsp;<a href=\"https:\/\/www.circuitoserrano.com\/\">projeto Circuito Serrano<\/a>, Sauvan Cavalcante, se declara um entusiasta e busca fomentar a pr\u00e1tica esportiva no DF. \u201cA gente acompanha o modal desde 1990 e, dali, come\u00e7aram a surgir as primeiras ciclovias que, com o tempo, se transformaram em solu\u00e7\u00e3o vi\u00e1vel para os tempos modernos. A expans\u00e3o do n\u00famero de carros, a conectividade e as dist\u00e2ncias de uma grande cidade nos obrigam a buscar mais formas de se deslocar. E o ciclismo \u00e9 uma solu\u00e7\u00e3o\u201d, ressalta.<\/p>\n\n\n\n<p>Cavalcante destaca que a constru\u00e7\u00e3o da ciclovia da DF-001 foi um diferencial para os ciclistas da cidade. \u201cFicou uma obra fant\u00e1stica, \u00e9 agora uma ciclovia que podemos trafegar com tranquilidade e seguran\u00e7a e foi essencial para os ciclistas do DF. Estamos vendo bastante empenho do governo na solu\u00e7\u00e3o das demandas da nossa categoria e somos privilegiados por termos pistas largas e com ciclovias que favorecem muito os praticantes\u201d, reconhece.<\/p>\n\n\n\n<p><strong>Leia tamb\u00e9m<\/strong><a href=\"https:\/\/agenciabrasilia.df.gov.br\/2023\/07\/14\/ciclovia-do-nucleo-bandeirante-recebe-protecao-dupla-para-usuarios\/\"><strong>Ciclovia do N\u00facleo Bandeirante recebe prote\u00e7\u00e3o dupla para usu\u00e1rios<\/strong><\/a><a href=\"https:\/\/agenciabrasilia.df.gov.br\/2023\/07\/09\/distrito-federal-chega-a-271-km-de-vias-duplicadas\/\"><strong>Distrito Federal chega a 271 km de vias duplicadas<\/strong><\/a><a href=\"https:\/\/agenciabrasilia.df.gov.br\/2023\/07\/20\/ritmo-de-trabalho-em-obras-do-pistao-sul-e-dobrado-nas-ferias-escolares\/\"><strong>Ritmo de trabalho em obras do Pist\u00e3o Sul \u00e9 dobrado nas f\u00e9rias escolares<\/strong><\/a><\/p>\n\n\n\n<p><strong>Confira a quilometragem de ciclovias das demais cidades<\/strong><br>\u2013 \u00c1guas Claras: 23,43 km<br>\u2013 Arniqueira: 2,24 km<br>\u2013 Brazl\u00e2ndia: 6,05 km<br>\u2013 Candangol\u00e2ndia: 1,37 km<br>\u2013 Guar\u00e1: 24,15 km<br>\u2013 Itapo\u00e3: 5,69 km<br>\u2013 Jardim Bot\u00e2nico: 20,64 km<br>\u2013 N\u00facleo Bandeirante: 5,52 km<br>\u2013 Parano\u00e1: 23,92 km<br>\u2013 Planaltina: 12,49 km<br>\u2013 Recanto das Emas: 28 km<br>\u2013 Riacho Fundo: 1,19 km<br>\u2013 Riacho Fundo II: 22,49 km<br>\u2013 Samambaia: 22,91 km<br>\u2013 S\u00e3o Sebasti\u00e3o: 11,76 km<br>\u2013 SCIA: 1,97 km<br>\u2013 SIA: 5,27 km<br>\u2013 Sobradinho: 8,15 km<br>\u2013 Sobradinho II: 21,99 km<br>\u2013 Sudoeste\/Octogonal: 10,72km<br>\u2013 Taguatinga: 9,12 km<br>\u2013 Varj\u00e3o: 0,62 km<br>\u2013 Vicente Pires: 11,59km<\/p>\n\n\n\n<figure><iframe allowfullscreen=\"\" width=\"660\" height=\"440\"><\/iframe><\/figure>\n\n\n\n<ul class=\"wp-block-list\"><li><a href=\"https:\/\/agenciabrasilia.df.gov.br\/topicos\/bicicletas\">BICICLETAS<\/a><\/li><li><a href=\"https:\/\/agenciabrasilia.df.gov.br\/topicos\/candangolandia\">CANDANGOL\u00c2NDIA<\/a><\/li><li><a href=\"https:\/\/agenciabrasilia.df.gov.br\/topicos\/ciclistas\">CICLISTAS<\/a><\/li><li><a href=\"https:\/\/agenciabrasilia.df.gov.br\/topicos\/ciclomobilidade\">CICLOMOBILIDADE<\/a><\/li><li><a href=\"https:\/\/agenciabrasilia.df.gov.br\/topicos\/departamento-de-estradas-de-rodagem-der\">DEPARTAMENTO DE ESTRADAS DE RODAGEM (DER)<\/a><\/li><li><a href=\"https:\/\/agenciabrasilia.df.gov.br\/topicos\/df-440\">DF-440<\/a><\/li><li><a href=\"https:\/\/agenciabrasilia.df.gov.br\/topicos\/gama\">GAMA<\/a><\/li><li><a href=\"https:\/\/agenciabrasilia.df.gov.br\/topicos\/jardim-botanico\">JARDIM BOT\u00c2NICO<\/a><\/li><li><a href=\"https:\/\/agenciabrasilia.df.gov.br\/topicos\/malha-cicloviaria\">MALHA CICLOVI\u00c1RIA<\/a><\/li><li><a href=\"https:\/\/agenciabrasilia.df.gov.br\/topicos\/nucleo-bandeirante\">N\u00daCLEO BANDEIRANTE<\/a><\/li><li><a href=\"https:\/\/agenciabrasilia.df.gov.br\/topicos\/sobradinho\">SOBRADINHO<\/a><\/li><\/ul>\n","protected":false},"excerpt":{"rendered":"<p>Em menos de tr\u00eas meses, de maio a julho de 2023, a malha cresceu 28 km, em quase todas as \u00e1reas do Distrito Federal; investimento em ciclomobilidade j\u00e1 ultrapassa R$ 27 milh\u00f5es desde 2019 Josiane Borges, da Ag\u00eancia Bras\u00edlia | Edi\u00e7\u00e3o: Saulo Moreno A cada dia que passa, \u00e9 mais comum avistar bicicletas e grupos [&hellip;]<\/p>\n","protected":false},"author":1,"featured_media":1115,"comment_status":"open","ping_status":"open","sticky":false,"template":"","format":"standard","meta":{"_monsterinsights_skip_tracking":false,"_monsterinsights_sitenote_active":false,"_monsterinsights_sitenote_note":"","_monsterinsights_sitenote_category":0,"footnotes":""},"categories":[17,34],"tags":[77],"class_list":["post-1114","post","type-post","status-publish","format-standard","has-post-thumbnail","hentry","category-bsb","category-destaque","tag-ciclovias"],"_links":{"self":[{"href":"https:\/\/cidadecult.com.br\/index.php?rest_route=\/wp\/v2\/posts\/1114","targetHints":{"allow":["GET"]}}],"collection":[{"href":"https:\/\/cidadecult.com.br\/index.php?rest_route=\/wp\/v2\/posts"}],"about":[{"href":"https:\/\/cidadecult.com.br\/index.php?rest_route=\/wp\/v2\/types\/post"}],"author":[{"embeddable":true,"href":"https:\/\/cidadecult.com.br\/index.php?rest_route=\/wp\/v2\/users\/1"}],"replies":[{"embeddable":true,"href":"https:\/\/cidadecult.com.br\/index.php?rest_route=%2Fwp%2Fv2%2Fcomments&post=1114"}],"version-history":[{"count":1,"href":"https:\/\/cidadecult.com.br\/index.php?rest_route=\/wp\/v2\/posts\/1114\/revisions"}],"predecessor-version":[{"id":1116,"href":"https:\/\/cidadecult.com.br\/index.php?rest_route=\/wp\/v2\/posts\/1114\/revisions\/1116"}],"wp:featuredmedia":[{"embeddable":true,"href":"https:\/\/cidadecult.com.br\/index.php?rest_route=\/wp\/v2\/media\/1115"}],"wp:attachment":[{"href":"https:\/\/cidadecult.com.br\/index.php?rest_route=%2Fwp%2Fv2%2Fmedia&parent=1114"}],"wp:term":[{"taxonomy":"category","embeddable":true,"href":"https:\/\/cidadecult.com.br\/index.php?rest_route=%2Fwp%2Fv2%2Fcategories&post=1114"},{"taxonomy":"post_tag","embeddable":true,"href":"https:\/\/cidadecult.com.br\/index.php?rest_route=%2Fwp%2Fv2%2Ftags&post=1114"}],"curies":[{"name":"wp","href":"https:\/\/api.w.org\/{rel}","templated":true}]}}