{"id":10857,"date":"2025-01-31T09:54:39","date_gmt":"2025-01-31T12:54:39","guid":{"rendered":"https:\/\/cidadecult.com.br\/?p=10857"},"modified":"2025-01-31T09:54:41","modified_gmt":"2025-01-31T12:54:41","slug":"fim-de-semana-cultural-em-brasilia-exposicoes-oficinas-circo-e-capoeira","status":"publish","type":"post","link":"https:\/\/cidadecult.com.br\/?p=10857","title":{"rendered":"Fim de semana cultural em Bras\u00edlia: exposi\u00e7\u00f5es, oficinas, circo e capoeira"},"content":{"rendered":"\n<p><em>\u00a0Foto: Ricardo Franco<\/em><\/p>\n\n\n\n<p><strong>As f\u00e9rias est\u00e3o chegando ao fim, mas ainda h\u00e1 tempo para curtir um fim de semana repleto de atividades culturais em Bras\u00edlia. Com atra\u00e7\u00f5es para todas as idades, a programa\u00e7\u00e3o inclui artes visuais, m\u00fasica, dan\u00e7a, cinema e oficinas espalhadas pelo Distrito Federal. <\/strong>Confira os destaques:<\/p>\n\n\n\n<h3 class=\"wp-block-heading\"><strong>Exposi\u00e7\u00e3o<\/strong><\/h3>\n\n\n\n<p><strong>Em comemora\u00e7\u00e3o ao Dia do Quadrinho Nacional, celebrado ontem, dia 30 de janeiro, a Biblioteca Nacional de Bras\u00edlia (BNB) exibe a mostra &#8220;Quadrinhos nacionais do acervo da BNB&#8221;. A exposi\u00e7\u00e3o apresenta a hist\u00f3ria das HQs brasileiras, seus personagens e artistas ic\u00f4nicos. A visita\u00e7\u00e3o vai at\u00e9 28 de fevereiro.<\/strong><\/p>\n\n\n\n<h3 class=\"wp-block-heading\"><strong>Cinema<\/strong><\/h3>\n\n\n\n<p><strong>O Cine Bras\u00edlia presta homenagem aos 90 anos do cineasta Vladimir Carvalho com a mostra &#8220;Homenagem a Vladimir Carvalho: ca\u00e7ador de ra\u00edzes e mem\u00f3rias&#8221;. A programa\u00e7\u00e3o, que vai at\u00e9 5 de fevereiro, exibe dez obras do cineasta. Al\u00e9m disso, o espa\u00e7o apresenta filmes infantis e produ\u00e7\u00f5es nacionais cl\u00e1ssicas.<\/strong><\/p>\n\n\n\n<p>Confira a programa\u00e7\u00e3o completa do fim de semana:<\/p>\n\n\n\n<p><strong>Sexta-feira (31)<\/strong><\/p>\n\n\n\n<ul class=\"wp-block-list\">\n<li><strong>10h <\/strong>\u2014<strong> Paddington: uma aventura na floresta<\/strong><\/li>\n\n\n\n<li><strong>14h<\/strong> \u2014 <strong>Encontros telep\u00e1ticos (<\/strong>curta-metragem<strong>)<\/strong> + <strong>A alma do deserto<\/strong><\/li>\n\n\n\n<li><strong>16h<\/strong> \u2014 <strong>Mostra cinemateca brasileira: vala comum<\/strong> + <strong>Greve<\/strong> + <strong>A luta do povo<\/strong><\/li>\n\n\n\n<li><strong>18h <\/strong>\u2014<strong> Mostra homenagem a Vladimir Carvalho<\/strong> \u2013 <strong>Programa 1<\/strong><\/li>\n<\/ul>\n\n\n\n<p><strong>S\u00e1bado (1\u00ba)<\/strong><\/p>\n\n\n\n<ul class=\"wp-block-list\">\n<li><strong>10h \u2014 KinoToy Fest (montagem)<\/strong><\/li>\n\n\n\n<li><strong>18h \u2014 KinoToy Fest &#8211; cerim\u00f4nia de premia\u00e7\u00e3o<\/strong><\/li>\n<\/ul>\n\n\n\n<p><strong>Domingo (2)<\/strong><\/p>\n\n\n\n<ul class=\"wp-block-list\">\n<li><strong>10h \u2014 Paddington: uma aventura na floresta<\/strong><\/li>\n\n\n\n<li><strong>14h \u2014 Encontros telep\u00e1ticos (<\/strong>curta-metragem<strong>) + A alma do deserto<\/strong><\/li>\n\n\n\n<li><strong>16h10 \u2014 Mostra cinemateca brasileira <\/strong>\u2013 <strong>O caso dos irm\u00e3os Naves<\/strong><\/li>\n\n\n\n<li><strong>17h55 \u2014 Mostra cinemateca brasileira <\/strong>\u2013<strong> Terra em transe<\/strong><\/li>\n\n\n\n<li><strong>20h \u2014 Mostra homenagem a Vladimir Carvalho <\/strong>\u2013<strong> Programa 2<\/strong><\/li>\n<\/ul>\n\n\n\n<h3 class=\"wp-block-heading\"><strong>Circo<\/strong><\/h3>\n\n\n\n<p>O<strong> &#8220;Circo vit\u00f3ria&#8221;<\/strong> chega ao <strong>Gama<\/strong> com <strong>dois meses de espet\u00e1culos e oficinas circenses gratuitas para crian\u00e7as e jovens.<\/strong> As<strong> inscri\u00e7\u00f5es <\/strong>podem ser feitas<strong> presencialmente<\/strong>, pelas <strong>redes sociais<\/strong> ou pelo <strong>telefone (61) 98381-5537. As apresenta\u00e7\u00f5es acontecem aos s\u00e1bados, domingos e feriados, \u00e0s 16h30, 18h30 e 20h30.<\/strong><\/p>\n\n\n\n<h3 class=\"wp-block-heading\"><strong>Oficinas<\/strong><\/h3>\n\n\n\n<p>O <strong>&#8220;Museu de Arte de Bras\u00edlia (MAB)&#8221;<\/strong> oferece o &#8220;<strong>MAB educativo<\/strong>&#8220;, com<strong> atividades de pintura, escultura e teatro, al\u00e9m de visitas mediadas. <\/strong>J\u00e1 o<strong> Sesi Lab <\/strong>promove o<strong> &#8220;Festival brinca+&#8221;, com oficinas interativas para crian\u00e7as.<\/strong><\/p>\n\n\n\n<p>Confira algumas oficinas:<\/p>\n\n\n\n<ul class=\"wp-block-list\">\n<li><strong>Sexta-feira (31):<\/strong> <strong>Viajando pelo Centro-Oeste<\/strong> \u2013 <strong>oficina sobre a obra de Dalton Paula (15h \u00e0s 16h30).<\/strong><\/li>\n\n\n\n<li><strong>S\u00e1bado (1\u00ba):<\/strong> <strong>Conhecendo a Argila<\/strong> \u2013 <strong>experi\u00eancia sensorial com cer\u00e2mica (14h \u00e0s 15h)<\/strong>.<\/li>\n\n\n\n<li><strong>Domingo (2):<\/strong> <strong>Conta\u00e7\u00e3o de hist\u00f3rias e cria\u00e7\u00e3o de bichos <\/strong>\u2013 <strong>modelagem com argila e materiais naturais.<\/strong><\/li>\n<\/ul>\n\n\n\n<h3 class=\"wp-block-heading\"><strong>Dan\u00e7a e capoeira<\/strong><\/h3>\n\n\n\n<p><strong>At\u00e9 domingo (2), Bras\u00edlia sedia o &#8220;4\u00ba encontro dos Angoleiros do Sert\u00e3o&#8221;, dedicado \u00e0 capoeira angola. A programa\u00e7\u00e3o gratuita acontece no N\u00facleo Rural Lago Oeste, em Sobradinho, e inclui oficinas, rodas de capoeira e samba.<\/strong><\/p>\n\n\n\n<p>Aproveite o fim de semana e explore as diversas atividades culturais espalhadas pela cidade!. Para mais informa\u00e7\u00f5es sobre inscri\u00e7\u00f5es e hor\u00e1rios, acompanhe as redes sociais dos espa\u00e7os participantes.<\/p>\n","protected":false},"excerpt":{"rendered":"<p>\u00a0Foto: Ricardo Franco As f\u00e9rias est\u00e3o chegando ao fim, mas ainda h\u00e1 tempo para curtir um fim de semana repleto de atividades culturais em Bras\u00edlia. Com atra\u00e7\u00f5es para todas as idades, a programa\u00e7\u00e3o inclui artes visuais, m\u00fasica, dan\u00e7a, cinema e oficinas espalhadas pelo Distrito Federal. Confira os destaques: Exposi\u00e7\u00e3o Em comemora\u00e7\u00e3o ao Dia do Quadrinho [&hellip;]<\/p>\n","protected":false},"author":1441,"featured_media":10858,"comment_status":"open","ping_status":"open","sticky":false,"template":"","format":"standard","meta":{"_monsterinsights_skip_tracking":false,"_monsterinsights_sitenote_active":false,"_monsterinsights_sitenote_note":"","_monsterinsights_sitenote_category":0,"footnotes":""},"categories":[17],"tags":[499],"class_list":["post-10857","post","type-post","status-publish","format-standard","has-post-thumbnail","hentry","category-bsb","tag-fimdesemanacultural"],"_links":{"self":[{"href":"https:\/\/cidadecult.com.br\/index.php?rest_route=\/wp\/v2\/posts\/10857","targetHints":{"allow":["GET"]}}],"collection":[{"href":"https:\/\/cidadecult.com.br\/index.php?rest_route=\/wp\/v2\/posts"}],"about":[{"href":"https:\/\/cidadecult.com.br\/index.php?rest_route=\/wp\/v2\/types\/post"}],"author":[{"embeddable":true,"href":"https:\/\/cidadecult.com.br\/index.php?rest_route=\/wp\/v2\/users\/1441"}],"replies":[{"embeddable":true,"href":"https:\/\/cidadecult.com.br\/index.php?rest_route=%2Fwp%2Fv2%2Fcomments&post=10857"}],"version-history":[{"count":1,"href":"https:\/\/cidadecult.com.br\/index.php?rest_route=\/wp\/v2\/posts\/10857\/revisions"}],"predecessor-version":[{"id":10859,"href":"https:\/\/cidadecult.com.br\/index.php?rest_route=\/wp\/v2\/posts\/10857\/revisions\/10859"}],"wp:featuredmedia":[{"embeddable":true,"href":"https:\/\/cidadecult.com.br\/index.php?rest_route=\/wp\/v2\/media\/10858"}],"wp:attachment":[{"href":"https:\/\/cidadecult.com.br\/index.php?rest_route=%2Fwp%2Fv2%2Fmedia&parent=10857"}],"wp:term":[{"taxonomy":"category","embeddable":true,"href":"https:\/\/cidadecult.com.br\/index.php?rest_route=%2Fwp%2Fv2%2Fcategories&post=10857"},{"taxonomy":"post_tag","embeddable":true,"href":"https:\/\/cidadecult.com.br\/index.php?rest_route=%2Fwp%2Fv2%2Ftags&post=10857"}],"curies":[{"name":"wp","href":"https:\/\/api.w.org\/{rel}","templated":true}]}}