{"id":10710,"date":"2025-01-24T11:19:46","date_gmt":"2025-01-24T14:19:46","guid":{"rendered":"https:\/\/cidadecult.com.br\/?p=10710"},"modified":"2025-01-24T11:24:50","modified_gmt":"2025-01-24T14:24:50","slug":"servidores-do-gdf-tem-oportunidade-de-bolsas-de-estudo-para-cursos-superiores","status":"publish","type":"post","link":"https:\/\/cidadecult.com.br\/?p=10710","title":{"rendered":"Servidores do GDF t\u00eam oportunidade de bolsas de estudo para cursos superiores"},"content":{"rendered":"\n<p><em>Arte\/divulga\u00e7\u00e3o<\/em><\/p>\n\n\n\n<p>O programa de bolsas de estudo para servidores e empregados p\u00fablicos do<strong> GDF<\/strong>, oferecido pelo<strong> Centro Unificado do DF (UDF)<\/strong>, est\u00e1 com o resultado provis\u00f3rio da sele\u00e7\u00e3o dispon\u00edvel. A lista, publicada no<strong> Di\u00e1rio Oficial do Distrito Federal (DODF)<\/strong>,<strong> hoje (24),<\/strong>  mostra a classifica\u00e7\u00e3o dos <strong>220 inscritos <\/strong>e abre um prazo de tr\u00eas dias para recursos, garantindo a transpar\u00eancia do processo.<\/p>\n\n\n\n<p><strong>Detalhes da sele\u00e7\u00e3o<\/strong><br>O processo seletivo \u00e9 baseado em crit\u00e9rios como n\u00famero de dependentes legais, tempo de servi\u00e7o, valor da remunera\u00e7\u00e3o e forma\u00e7\u00e3o superior. Com isso, 82 vagas s\u00e3o oferecidas, sendo 37 j\u00e1 preenchidas por estudantes de escolas p\u00fablicas com comprovada necessidade de apoio financeiro. As vagas restantes s\u00e3o destinadas a servidores p\u00fablicos interessados em cursar a primeira gradua\u00e7\u00e3o ou iniciar uma nova forma\u00e7\u00e3o.<\/p>\n\n\n\n<p><strong>Cursos dispon\u00edveis<\/strong><br>As op\u00e7\u00f5es de cursos para os servidores abrangem \u00e1reas essenciais para o aprimoramento dos servi\u00e7os prestados pelo GDF, como<strong> Administra\u00e7\u00e3o<\/strong>, <strong>Ci\u00eancias Cont\u00e1beis<\/strong>,<strong> Gest\u00e3o P\u00fablica<\/strong>, <strong>Direito<\/strong><em><strong>,<\/strong><\/em><strong> Sistemas de Informa\u00e7\u00e3o,<\/strong> al\u00e9m de \u00e1reas da sa\u00fade como<strong> Biomedicina<\/strong>,<strong> Radiologia<\/strong>,<strong> Fisioterapia<\/strong> e<strong> Fonoaudiologia.<\/strong><\/p>\n\n\n\n<p><strong>Fortalecimento do servi\u00e7o p\u00fablico<\/strong><br><strong>Raquel Aben-Athar<\/strong>,<strong> vice-diretora executiva da Egov<\/strong>, destaca que a capacita\u00e7\u00e3o cont\u00ednua dos servidores \u00e9 fundamental para o aprimoramento dos processos administrativos e para garantir um atendimento de qualidade \u00e0 popula\u00e7\u00e3o. <strong>O programa oferece oportunidades tanto para cursos presenciais quanto a dist\u00e2ncia, com o objetivo de refor\u00e7ar as compet\u00eancias dos servidores.<\/strong><\/p>\n\n\n\n<p><strong>Pr\u00f3ximos passos<\/strong><br>Os candidatos podem conferir o resultado e entrar com recursos dentro do prazo estipulado. Para mais informa\u00e7\u00f5es, acesse o Di\u00e1rio Oficial do DF. <\/p>\n","protected":false},"excerpt":{"rendered":"<p>Arte\/divulga\u00e7\u00e3o O programa de bolsas de estudo para servidores e empregados p\u00fablicos do GDF, oferecido pelo Centro Unificado do DF (UDF), est\u00e1 com o resultado provis\u00f3rio da sele\u00e7\u00e3o dispon\u00edvel. A lista, publicada no Di\u00e1rio Oficial do Distrito Federal (DODF), hoje (24), mostra a classifica\u00e7\u00e3o dos 220 inscritos e abre um prazo de tr\u00eas dias para [&hellip;]<\/p>\n","protected":false},"author":1441,"featured_media":10711,"comment_status":"open","ping_status":"open","sticky":false,"template":"","format":"standard","meta":{"_monsterinsights_skip_tracking":false,"_monsterinsights_sitenote_active":false,"_monsterinsights_sitenote_note":"","_monsterinsights_sitenote_category":0,"footnotes":""},"categories":[17,34,290],"tags":[419,403,850,520,4248],"class_list":["post-10710","post","type-post","status-publish","format-standard","has-post-thumbnail","hentry","category-bsb","category-destaque","category-educacao","tag-brasiliadf-2","tag-cidadecult-2","tag-dodf","tag-gdf-2","tag-udf"],"_links":{"self":[{"href":"https:\/\/cidadecult.com.br\/index.php?rest_route=\/wp\/v2\/posts\/10710","targetHints":{"allow":["GET"]}}],"collection":[{"href":"https:\/\/cidadecult.com.br\/index.php?rest_route=\/wp\/v2\/posts"}],"about":[{"href":"https:\/\/cidadecult.com.br\/index.php?rest_route=\/wp\/v2\/types\/post"}],"author":[{"embeddable":true,"href":"https:\/\/cidadecult.com.br\/index.php?rest_route=\/wp\/v2\/users\/1441"}],"replies":[{"embeddable":true,"href":"https:\/\/cidadecult.com.br\/index.php?rest_route=%2Fwp%2Fv2%2Fcomments&post=10710"}],"version-history":[{"count":1,"href":"https:\/\/cidadecult.com.br\/index.php?rest_route=\/wp\/v2\/posts\/10710\/revisions"}],"predecessor-version":[{"id":10712,"href":"https:\/\/cidadecult.com.br\/index.php?rest_route=\/wp\/v2\/posts\/10710\/revisions\/10712"}],"wp:featuredmedia":[{"embeddable":true,"href":"https:\/\/cidadecult.com.br\/index.php?rest_route=\/wp\/v2\/media\/10711"}],"wp:attachment":[{"href":"https:\/\/cidadecult.com.br\/index.php?rest_route=%2Fwp%2Fv2%2Fmedia&parent=10710"}],"wp:term":[{"taxonomy":"category","embeddable":true,"href":"https:\/\/cidadecult.com.br\/index.php?rest_route=%2Fwp%2Fv2%2Fcategories&post=10710"},{"taxonomy":"post_tag","embeddable":true,"href":"https:\/\/cidadecult.com.br\/index.php?rest_route=%2Fwp%2Fv2%2Ftags&post=10710"}],"curies":[{"name":"wp","href":"https:\/\/api.w.org\/{rel}","templated":true}]}}