{"id":10539,"date":"2025-01-17T17:40:25","date_gmt":"2025-01-17T20:40:25","guid":{"rendered":"https:\/\/cidadecult.com.br\/?p=10539"},"modified":"2025-01-17T17:42:22","modified_gmt":"2025-01-17T20:42:22","slug":"ro-araujo-estreia-com-afruturo-um-manifesto-musical-de-resistencia-e-ancestralidade","status":"publish","type":"post","link":"https:\/\/cidadecult.com.br\/?p=10539","title":{"rendered":"Ro Araujo estreia com \u201cAfruturo\u201d: um manifesto musical de resist\u00eancia e ancestralidade"},"content":{"rendered":"\n<p><em>Foto: Tiago Liel<\/em> <\/p>\n\n\n\n<p>A <strong>cantora e compositora Ro Araujo<\/strong> lan\u00e7a seu <strong>primeiro \u00e1lbum<\/strong>, <strong>\u201cAfruturo\u201d<\/strong>, marcando sua trajet\u00f3ria com uma <strong>celebra\u00e7\u00e3o da cultura negra e feminina. Misturando g\u00eaneros como jongo, funk, bossa nova e cumbia, o disco traz 12 faixas que abordam temas poderosos como repara\u00e7\u00e3o hist\u00f3rica, padr\u00f5es est\u00e9ticos, direitos das mulheres e autoconhecimento.<\/strong><\/p>\n\n\n\n<p>O trabalho, dispon\u00edvel nas principais plataformas digitais, \u00e9 uma ode \u00e0 ancestralidade e uma reafirma\u00e7\u00e3o da brasilidade, com um toque inovador. Para Ro, o projeto \u00e9 o resultado de um momento transformador:<\/p>\n\n\n\n<blockquote class=\"wp-block-quote is-layout-flow wp-block-quote-is-layout-flow\">\n<p>\u201cDecidi gravar e lan\u00e7ar o \u00e1lbum ap\u00f3s um epis\u00f3dio que me mostrou a urg\u00eancia de realizar meus sonhos e compartilhar minhas ideias com o mundo.\u201d<\/p>\n<\/blockquote>\n\n\n\n<h3 class=\"wp-block-heading\"><strong>Uma mistura de ritmos e resist\u00eancia<\/strong><\/h3>\n\n\n\n<p>Com produ\u00e7\u00e3o de <strong>Fael Brito<\/strong>, \u201cAfruturo\u201d apresenta m\u00fasicas que transitam entre a tradi\u00e7\u00e3o e o contempor\u00e2neo. Na faixa <strong>\u201cContra o Vento\u201d<\/strong>, a bossa nova encontra a cumbia, enquanto <strong>\u201cProte\u00e7\u00e3o\u201d<\/strong> mistura maracatu e soul com refer\u00eancias aos orix\u00e1s.<\/p>\n\n\n\n<p>A can\u00e7\u00e3o <strong>\u201cNesse Som\u201d<\/strong>, lan\u00e7ada previamente como single, ganhou um videoclipe marcante produzido pela Lei Paulo Gustavo. Com cenas gravadas em Nova Igua\u00e7u e no Rio de Janeiro, o v\u00eddeo exalta a cultura afro-brasileira e j\u00e1 soma mais de 50 mil visualiza\u00e7\u00f5es. O clipe \u00e9 inclusivo, com vers\u00f5es em Libras e audiodescri\u00e7\u00e3o.<\/p>\n\n\n\n<h3 class=\"wp-block-heading\"><strong>A for\u00e7a do coletivo feminino<\/strong><\/h3>\n\n\n\n<p>Ro Araujo faz quest\u00e3o de valorizar as mulheres em seu trabalho. O \u00e1lbum conta com participa\u00e7\u00f5es especiais de <strong>Ju Santana<\/strong>, <strong>Ananda Jacques<\/strong> e <strong>Aiane<\/strong>, al\u00e9m de uma equipe majoritariamente feminina na produ\u00e7\u00e3o dos clipes e grava\u00e7\u00f5es.<\/p>\n\n\n\n<blockquote class=\"wp-block-quote is-layout-flow wp-block-quote-is-layout-flow\">\n<p>\u201cFoi um processo leve e fluido. Encontrei nessas parcerias um espa\u00e7o seguro para criar e me conectar de forma genu\u00edna\u201d, destaca a artista.<\/p>\n<\/blockquote>\n\n\n\n<h3 class=\"wp-block-heading\"><strong>Do jornalismo \u00e0 m\u00fasica<\/strong><\/h3>\n\n\n\n<p>Antes de se dedicar inteiramente \u00e0 carreira musical, Ro trabalhou como editora de novelas na Rede Globo. Em 2018, decidiu seguir sua paix\u00e3o pela m\u00fasica, mergulhando no canto e na percuss\u00e3o. Sua primeira experi\u00eancia solo veio em 2023, com o lan\u00e7amento do single <strong>\u201cMulher Negra\u201d<\/strong>, que impulsionou seu posicionamento pol\u00edtico e art\u00edstico.<\/p>\n\n\n\n<p>Hoje, Ro \u00e9 um nome em ascens\u00e3o, usando sua m\u00fasica como ferramenta de resist\u00eancia e transforma\u00e7\u00e3o.<\/p>\n\n\n\n<h3 class=\"wp-block-heading\"><strong>Ou\u00e7a agora<\/strong><\/h3>\n\n\n\n<p><strong>Afruturo<\/strong> j\u00e1 est\u00e1 dispon\u00edvel nas plataformas digitais. Clique <a href=\"https:\/\/found.ee\/afruturo\">aqui para ouvir<\/a>.<\/p>\n\n\n\n<h3 class=\"wp-block-heading\"><strong>Siga Ro Araujo nas redes sociais<\/strong><\/h3>\n\n\n\n<ul class=\"wp-block-list\">\n<li><strong>Instagram:<\/strong> <a href=\"https:\/\/www.instagram.com\/roaraujomusica\">@roaraujomusica<\/a><\/li>\n\n\n\n<li><strong>YouTube:<\/strong> <a href=\"https:\/\/www.youtube.com\/@roaraujomusica\">Ro Araujo M\u00fasica<\/a><\/li>\n\n\n\n<li><strong>TikTok:<\/strong> <a href=\"https:\/\/www.tiktok.com\/@roaraujomusica\">@roaraujomusica<\/a><\/li>\n<\/ul>\n\n\n\n<p><strong>Cidade CULT \u2013 conectando voc\u00ea \u00e0 arte e cultura!<\/strong>. <\/p>\n","protected":false},"excerpt":{"rendered":"<p>Foto: Tiago Liel A cantora e compositora Ro Araujo lan\u00e7a seu primeiro \u00e1lbum, \u201cAfruturo\u201d, marcando sua trajet\u00f3ria com uma celebra\u00e7\u00e3o da cultura negra e feminina. Misturando g\u00eaneros como jongo, funk, bossa nova e cumbia, o disco traz 12 faixas que abordam temas poderosos como repara\u00e7\u00e3o hist\u00f3rica, padr\u00f5es est\u00e9ticos, direitos das mulheres e autoconhecimento. O trabalho, [&hellip;]<\/p>\n","protected":false},"author":777,"featured_media":10540,"comment_status":"open","ping_status":"open","sticky":false,"template":"","format":"standard","meta":{"_monsterinsights_skip_tracking":false,"_monsterinsights_sitenote_active":false,"_monsterinsights_sitenote_note":"","_monsterinsights_sitenote_category":0,"footnotes":""},"categories":[2569,34,6,43],"tags":[678,4197],"class_list":["post-10539","post","type-post","status-publish","format-standard","has-post-thumbnail","hentry","category-arte","category-destaque","category-music","category-releases","tag-destaques-2","tag-roaraujo"],"_links":{"self":[{"href":"https:\/\/cidadecult.com.br\/index.php?rest_route=\/wp\/v2\/posts\/10539","targetHints":{"allow":["GET"]}}],"collection":[{"href":"https:\/\/cidadecult.com.br\/index.php?rest_route=\/wp\/v2\/posts"}],"about":[{"href":"https:\/\/cidadecult.com.br\/index.php?rest_route=\/wp\/v2\/types\/post"}],"author":[{"embeddable":true,"href":"https:\/\/cidadecult.com.br\/index.php?rest_route=\/wp\/v2\/users\/777"}],"replies":[{"embeddable":true,"href":"https:\/\/cidadecult.com.br\/index.php?rest_route=%2Fwp%2Fv2%2Fcomments&post=10539"}],"version-history":[{"count":1,"href":"https:\/\/cidadecult.com.br\/index.php?rest_route=\/wp\/v2\/posts\/10539\/revisions"}],"predecessor-version":[{"id":10541,"href":"https:\/\/cidadecult.com.br\/index.php?rest_route=\/wp\/v2\/posts\/10539\/revisions\/10541"}],"wp:featuredmedia":[{"embeddable":true,"href":"https:\/\/cidadecult.com.br\/index.php?rest_route=\/wp\/v2\/media\/10540"}],"wp:attachment":[{"href":"https:\/\/cidadecult.com.br\/index.php?rest_route=%2Fwp%2Fv2%2Fmedia&parent=10539"}],"wp:term":[{"taxonomy":"category","embeddable":true,"href":"https:\/\/cidadecult.com.br\/index.php?rest_route=%2Fwp%2Fv2%2Fcategories&post=10539"},{"taxonomy":"post_tag","embeddable":true,"href":"https:\/\/cidadecult.com.br\/index.php?rest_route=%2Fwp%2Fv2%2Ftags&post=10539"}],"curies":[{"name":"wp","href":"https:\/\/api.w.org\/{rel}","templated":true}]}}