{"id":10500,"date":"2025-01-03T11:31:07","date_gmt":"2025-01-03T14:31:07","guid":{"rendered":"https:\/\/cidadecult.com.br\/?p=10500"},"modified":"2025-01-03T11:31:39","modified_gmt":"2025-01-03T14:31:39","slug":"estreia-de-um-jardim-para-tchekhov-no-ccbb-brasilia-em-9-de-janeiro-uma-reflexao-contemporanea","status":"publish","type":"post","link":"https:\/\/cidadecult.com.br\/?p=10500","title":{"rendered":"Estreia de &#8220;Um jardim para Tchekhov&#8221; no CCBB Bras\u00edlia em 9 de janeiro: uma reflex\u00e3o contempor\u00e2nea"},"content":{"rendered":"\n<p><em>Foto\/divulga\u00e7\u00e3o<\/em><\/p>\n\n\n\n<p>O CCBB Bras\u00edlia abre as portas para uma estreia imperd\u00edvel no dia 9 de janeiro: &#8220;Um jardim para Tchekhov&#8221;, uma obra que mistura com\u00e9dia, drama e um toque de lirismo. O espet\u00e1culo, que traz Maria Padilha no papel principal, \u00e9 escrito por Pedro Br\u00edcio e dirigido por Georgette Fadel, prometendo emocionar e fazer refletir.<\/p>\n\n\n\n<p><strong>A hist\u00f3ria<\/strong><\/p>\n\n\n\n<p>Em um Brasil marcado por desafios sociais e pol\u00edticos, Alma Duran (interpretada por Maria Padilha), uma atriz em crise, busca uma nova chance no teatro. H\u00e1 tr\u00eas anos sem emprego, ela come\u00e7a a dar aulas de teatro para Lal\u00e1 (Iohanna Carvalho) e sonha em montar a obra <em>O Jardim das Cerejeiras<\/em>, de Anton Tchekhov. No caminho, ela se depara com um misterioso homem que se apresenta como Tchekhov (Leonardo Medeiros). A partir dessa reuni\u00e3o, o tempo se mistura e as tens\u00f5es do Brasil atual encontram o esp\u00edrito das obras de Tchekhov.<\/p>\n\n\n\n<p><strong>Entre o riso e a reflex\u00e3o<\/strong><\/p>\n\n\n\n<p>Pedro Br\u00edcio, respons\u00e1vel pela dramaturgia, entrela\u00e7a temas como a luta pela arte, a busca por um ideal e o descompasso entre o presente e o passado, refletindo a atual realidade social. A dire\u00e7\u00e3o de Georgette Fadel traz um olhar \u00fanico sobre essas quest\u00f5es, com uma trama que transita entre o humor e a seriedade, sempre com a inten\u00e7\u00e3o de provocar uma reflex\u00e3o profunda sobre nossa sociedade.<\/p>\n\n\n\n<p><strong>O elenco<\/strong><\/p>\n\n\n\n<p>Al\u00e9m de Maria Padilha e Leonardo Medeiros, o elenco conta com Erom Cordeiro, Olivia Torres e Iohanna Carvalho, que d\u00e3o vida a personagens multifacetados, refletindo as complexidades da vida no Brasil contempor\u00e2neo.<\/p>\n\n\n\n<p><strong>Acessibilidade e transporte gratuito<\/strong><\/p>\n\n\n\n<p>Pensando em garantir o acesso ao evento, o CCBB oferece transporte gratuito para o p\u00fablico, com a a\u00e7\u00e3o &#8220;Vem pro CCBB&#8221;, que disponibiliza uma van saindo da Biblioteca Nacional em hor\u00e1rios regulares.<\/p>\n\n\n\n<p><strong>Servi\u00e7o<\/strong><\/p>\n\n\n\n<ul class=\"wp-block-list\">\n<li><strong>Estreia<\/strong>: 9 de janeiro<\/li>\n\n\n\n<li><strong>Hor\u00e1rios da van<\/strong>: 12h, 14h, 16h, 18h e 20h (Biblioteca Nacional \u2013 CCBB)<\/li>\n\n\n\n<li><strong>Local<\/strong>: CCBB Bras\u00edlia (Edif\u00edcio Tancredo Neves, projetado por Oscar Niemeyer)<\/li>\n<\/ul>\n\n\n\n<p><strong>N\u00e3o perca a chance de vivenciar uma obra que reflete sobre o tempo, a arte e os dilemas contempor\u00e2neos em uma das mais importantes institui\u00e7\u00f5es culturais da cidade.<\/strong><\/p>\n","protected":false},"excerpt":{"rendered":"<p>Foto\/divulga\u00e7\u00e3o O CCBB Bras\u00edlia abre as portas para uma estreia imperd\u00edvel no dia 9 de janeiro: &#8220;Um jardim para Tchekhov&#8221;, uma obra que mistura com\u00e9dia, drama e um toque de lirismo. O espet\u00e1culo, que traz Maria Padilha no papel principal, \u00e9 escrito por Pedro Br\u00edcio e dirigido por Georgette Fadel, prometendo emocionar e fazer refletir. [&hellip;]<\/p>\n","protected":false},"author":1441,"featured_media":10501,"comment_status":"open","ping_status":"open","sticky":false,"template":"","format":"standard","meta":{"_monsterinsights_skip_tracking":false,"_monsterinsights_sitenote_active":false,"_monsterinsights_sitenote_note":"","_monsterinsights_sitenote_category":0,"footnotes":""},"categories":[17,34],"tags":[541,4184,4185,4183],"class_list":["post-10500","post","type-post","status-publish","format-standard","has-post-thumbnail","hentry","category-bsb","category-destaque","tag-ccbb-2","tag-janeiro","tag-reflexaocontemporanea","tag-umjardimparatchekhov"],"_links":{"self":[{"href":"https:\/\/cidadecult.com.br\/index.php?rest_route=\/wp\/v2\/posts\/10500","targetHints":{"allow":["GET"]}}],"collection":[{"href":"https:\/\/cidadecult.com.br\/index.php?rest_route=\/wp\/v2\/posts"}],"about":[{"href":"https:\/\/cidadecult.com.br\/index.php?rest_route=\/wp\/v2\/types\/post"}],"author":[{"embeddable":true,"href":"https:\/\/cidadecult.com.br\/index.php?rest_route=\/wp\/v2\/users\/1441"}],"replies":[{"embeddable":true,"href":"https:\/\/cidadecult.com.br\/index.php?rest_route=%2Fwp%2Fv2%2Fcomments&post=10500"}],"version-history":[{"count":1,"href":"https:\/\/cidadecult.com.br\/index.php?rest_route=\/wp\/v2\/posts\/10500\/revisions"}],"predecessor-version":[{"id":10502,"href":"https:\/\/cidadecult.com.br\/index.php?rest_route=\/wp\/v2\/posts\/10500\/revisions\/10502"}],"wp:featuredmedia":[{"embeddable":true,"href":"https:\/\/cidadecult.com.br\/index.php?rest_route=\/wp\/v2\/media\/10501"}],"wp:attachment":[{"href":"https:\/\/cidadecult.com.br\/index.php?rest_route=%2Fwp%2Fv2%2Fmedia&parent=10500"}],"wp:term":[{"taxonomy":"category","embeddable":true,"href":"https:\/\/cidadecult.com.br\/index.php?rest_route=%2Fwp%2Fv2%2Fcategories&post=10500"},{"taxonomy":"post_tag","embeddable":true,"href":"https:\/\/cidadecult.com.br\/index.php?rest_route=%2Fwp%2Fv2%2Ftags&post=10500"}],"curies":[{"name":"wp","href":"https:\/\/api.w.org\/{rel}","templated":true}]}}