{"id":10404,"date":"2024-12-27T10:08:22","date_gmt":"2024-12-27T13:08:22","guid":{"rendered":"https:\/\/cidadecult.com.br\/?p=10404"},"modified":"2024-12-27T10:10:16","modified_gmt":"2024-12-27T13:10:16","slug":"rio-libera-vacina-contra-meningite-para-profissionais-de-saude-protecao-agora-disponivel","status":"publish","type":"post","link":"https:\/\/cidadecult.com.br\/?p=10404","title":{"rendered":"Rio libera vacina contra meningite para profissionais de sa\u00fade: prote\u00e7\u00e3o agora dispon\u00edvel!"},"content":{"rendered":"\n<p><em>Foto:\u00a0Geovana Albuquerque<\/em><\/p>\n\n\n\n<p><strong>A Secretaria Municipal de Sa\u00fade do Rio de Janeiro anunciou a libera\u00e7\u00e3o da vacina antimeningoc\u00f3cica ACWY para os profissionais de sa\u00fade da cidade. <\/strong>A medida, que come\u00e7ou<strong> ontem (26)<\/strong>, busca utilizar as 11 mil doses remanescentes do imunizante antes do vencimento, previsto para o final de janeiro de 2025.<\/p>\n\n\n\n<p><strong>Por que essa vacina \u00e9 importante?<\/strong><br>A vacina <strong>ACWY<\/strong> protege contra quatro sorotipos da meningite bacteriana (A, C, W e Y), uma doen\u00e7a grave que pode evoluir rapidamente. Normalmente aplicada em crian\u00e7as e adolescentes de 11 a 14 anos, al\u00e9m de pessoas vivendo com HIV e transplantados, essa libera\u00e7\u00e3o para os profissionais de sa\u00fade \u00e9 uma oportunidade \u00fanica de acesso ao imunizante.<\/p>\n\n\n\n<p>De acordo com o secret\u00e1rio municipal de Sa\u00fade, Daniel Soranz, \u201cesta \u00e9 uma vacina de dif\u00edcil acesso, e o momento de vacinar \u00e9 agora. \u00c9 a grande oportunidade de conseguir essa prote\u00e7\u00e3o.\u201d<\/p>\n\n\n\n<p><strong>O que \u00e9 a meningite?<\/strong><br><strong>A meningite \u00e9 uma inflama\u00e7\u00e3o das meninges, membranas que envolvem o c\u00e9rebro, e pode ser causada por v\u00edrus, bact\u00e9rias, fungos ou outros agentes infecciosos. Os sintomas incluem:<\/strong><\/p>\n\n\n\n<ul class=\"wp-block-list\">\n<li><strong>Febre alta<\/strong><\/li>\n\n\n\n<li><strong>Dor de cabe\u00e7a intensa<\/strong><\/li>\n\n\n\n<li><strong>V\u00f4mitos<\/strong><\/li>\n\n\n\n<li><strong>Rigidez no pesco\u00e7o<\/strong><\/li>\n\n\n\n<li><strong>Sangramentos sob a pele<\/strong><\/li>\n\n\n\n<li><strong>Convuls\u00f5es<\/strong><\/li>\n<\/ul>\n\n\n\n<p>Diante desses sinais, \u00e9 crucial procurar atendimento m\u00e9dico imediato.<\/p>\n\n\n\n<p><strong>Vacina\u00e7\u00e3o: onde e quando?<\/strong><br>Os profissionais de sa\u00fade podem se vacinar enquanto durar o estoque, nas 239 unidades de <strong>Aten\u00e7\u00e3o Prim\u00e1ria do Rio de Janeiro<\/strong>, de <strong>segunda a sexta-feira, das 8h \u00e0s 17h.<\/strong><\/p>\n\n\n\n<p>Aproveite essa chance de prote\u00e7\u00e3o contra uma doen\u00e7a s\u00e9ria e contribua para a sa\u00fade coletiva.<\/p>\n","protected":false},"excerpt":{"rendered":"<p>Foto:\u00a0Geovana Albuquerque A Secretaria Municipal de Sa\u00fade do Rio de Janeiro anunciou a libera\u00e7\u00e3o da vacina antimeningoc\u00f3cica ACWY para os profissionais de sa\u00fade da cidade. A medida, que come\u00e7ou ontem (26), busca utilizar as 11 mil doses remanescentes do imunizante antes do vencimento, previsto para o final de janeiro de 2025. Por que essa vacina [&hellip;]<\/p>\n","protected":false},"author":1441,"featured_media":10405,"comment_status":"open","ping_status":"open","sticky":false,"template":"","format":"standard","meta":{"_monsterinsights_skip_tracking":false,"_monsterinsights_sitenote_active":false,"_monsterinsights_sitenote_note":"","_monsterinsights_sitenote_category":0,"footnotes":""},"categories":[54],"tags":[439,447,459],"class_list":["post-10404","post","type-post","status-publish","format-standard","has-post-thumbnail","hentry","category-brasil","tag-brasil-2","tag-riodejaneiro-2","tag-saude-3"],"_links":{"self":[{"href":"https:\/\/cidadecult.com.br\/index.php?rest_route=\/wp\/v2\/posts\/10404","targetHints":{"allow":["GET"]}}],"collection":[{"href":"https:\/\/cidadecult.com.br\/index.php?rest_route=\/wp\/v2\/posts"}],"about":[{"href":"https:\/\/cidadecult.com.br\/index.php?rest_route=\/wp\/v2\/types\/post"}],"author":[{"embeddable":true,"href":"https:\/\/cidadecult.com.br\/index.php?rest_route=\/wp\/v2\/users\/1441"}],"replies":[{"embeddable":true,"href":"https:\/\/cidadecult.com.br\/index.php?rest_route=%2Fwp%2Fv2%2Fcomments&post=10404"}],"version-history":[{"count":1,"href":"https:\/\/cidadecult.com.br\/index.php?rest_route=\/wp\/v2\/posts\/10404\/revisions"}],"predecessor-version":[{"id":10406,"href":"https:\/\/cidadecult.com.br\/index.php?rest_route=\/wp\/v2\/posts\/10404\/revisions\/10406"}],"wp:featuredmedia":[{"embeddable":true,"href":"https:\/\/cidadecult.com.br\/index.php?rest_route=\/wp\/v2\/media\/10405"}],"wp:attachment":[{"href":"https:\/\/cidadecult.com.br\/index.php?rest_route=%2Fwp%2Fv2%2Fmedia&parent=10404"}],"wp:term":[{"taxonomy":"category","embeddable":true,"href":"https:\/\/cidadecult.com.br\/index.php?rest_route=%2Fwp%2Fv2%2Fcategories&post=10404"},{"taxonomy":"post_tag","embeddable":true,"href":"https:\/\/cidadecult.com.br\/index.php?rest_route=%2Fwp%2Fv2%2Ftags&post=10404"}],"curies":[{"name":"wp","href":"https:\/\/api.w.org\/{rel}","templated":true}]}}