{"id":10312,"date":"2024-12-20T12:48:14","date_gmt":"2024-12-20T15:48:14","guid":{"rendered":"https:\/\/cidadecult.com.br\/?p=10312"},"modified":"2024-12-20T12:48:52","modified_gmt":"2024-12-20T15:48:52","slug":"natal-solidario-no-setor-comercial-sul-acao-de-apoio-a-moradores-de-rua-e-animais-desprotegidos","status":"publish","type":"post","link":"https:\/\/cidadecult.com.br\/?p=10312","title":{"rendered":"Natal solid\u00e1rio no setor comercial sul: a\u00e7\u00e3o de apoio a moradores de rua e animais desprotegidos"},"content":{"rendered":"\n<p><em>Foto\/divulga\u00e7\u00e3o<\/em><\/p>\n\n\n\n<p>Neste domingo, 22 de dezembro, o Setor Comercial Sul ser\u00e1 palco de uma a\u00e7\u00e3o transformadora de solidariedade, promovendo um Natal mais humanizado para aqueles que mais precisam. A iniciativa, organizada pelo <strong>Projeto Sorriso Solid\u00e1rio: unindo for\u00e7as pelo bem DF<\/strong> e a <strong>PROECO: projeto expresso Centro-Oeste<\/strong>, ir\u00e1 oferecer apoio aos moradores de rua e animais desprotegidos da regi\u00e3o.<\/p>\n\n\n\n<p>Das 8h \u00e0s 11h, o estacionamento em frente ao <strong>P\u00e1tio Brasil (W3 Sul)<\/strong> se tornar\u00e1 um ponto de acolhimento para aqueles em situa\u00e7\u00e3o de vulnerabilidade social. <strong>Dentistas volunt\u00e1rios<\/strong>, liderados pelo periodontista <strong>Wilson Ferreira<\/strong>, oferecer\u00e3o atendimento gratuito, enquanto os moradores poder\u00e3o receber kits higi\u00eanicos, cortar cabelo e barba e escolher roupas novas. Para tornar a manh\u00e3 ainda mais especial, haver\u00e1 caf\u00e9 da manh\u00e3 e um louvor instrumental ao vivo, criando um ambiente de acolhimento e carinho.<\/p>\n\n\n\n<p>Al\u00e9m do atendimento, a a\u00e7\u00e3o ter\u00e1 como foco a <strong>arrecada\u00e7\u00e3o de alimentos n\u00e3o-perec\u00edveis<\/strong>, <strong>itens de higiene pessoal<\/strong> e <strong>ra\u00e7\u00e3o para animais<\/strong> em situa\u00e7\u00e3o de rua. Para quem n\u00e3o puder comparecer, tamb\u00e9m ser\u00e1 poss\u00edvel colaborar atrav\u00e9s de <strong>doa\u00e7\u00f5es via Pix<\/strong>: o abrigo de animais <strong>@cristal_especial<\/strong> pode ser apoiado com o Pix (CPF: 03267998506), e a <strong>PROECO<\/strong> estar\u00e1 recebendo no local.<\/p>\n\n\n\n<p>A a\u00e7\u00e3o \u00e9 uma oportunidade para envolver a comunidade em um gesto coletivo de empatia, oferecendo cuidados e conforto a quem mais precisa.<\/p>\n\n\n\n<p><strong>Servi\u00e7o:<\/strong><\/p>\n\n\n\n<p><strong>Data:<\/strong> Domingo, 22 de dezembro<br><strong>Hor\u00e1rio:<\/strong> Das 8h \u00e0s 11h<br><strong>Local:<\/strong> Setor Comercial Sul \u2013 estacionamento em frente ao P\u00e1tio Brasil (W3 Sul)<br><strong>Doa\u00e7\u00f5es:<\/strong><\/p>\n\n\n\n<ul class=\"wp-block-list\">\n<li><strong>No local<\/strong> ou via Pix: <strong>@cristal_especial<\/strong> (CPF: 03267998506)<\/li>\n<\/ul>\n\n\n\n<p><strong>Sobre a PROECO:<\/strong><br>A <strong>PROECO<\/strong> (Projeto Expresso Centro-Oeste) \u00e9 uma organiza\u00e7\u00e3o sem fins lucrativos que, desde 2010, realiza a\u00e7\u00f5es socioambientais em diversas regi\u00f5es do Brasil, com o objetivo de promover o desenvolvimento sustent\u00e1vel e apoiar comunidades em situa\u00e7\u00e3o de vulnerabilidade.<\/p>\n\n\n\n<p><strong>Contato:<\/strong><br>Para saber mais sobre a <strong>PROECO<\/strong> ou se voluntariar, acesse: <a href=\"https:\/\/proeco.org.br\/\">PROECO<\/a> ou entre em contato por e-mail: <a>proeco.df@gmail.com<\/a>.<\/p>\n\n\n\n<p>Neste Natal, venha fazer a diferen\u00e7a. Participe e compartilhe o esp\u00edrito de solidariedade!.<\/p>\n","protected":false},"excerpt":{"rendered":"<p>Foto\/divulga\u00e7\u00e3o Neste domingo, 22 de dezembro, o Setor Comercial Sul ser\u00e1 palco de uma a\u00e7\u00e3o transformadora de solidariedade, promovendo um Natal mais humanizado para aqueles que mais precisam. A iniciativa, organizada pelo Projeto Sorriso Solid\u00e1rio: unindo for\u00e7as pelo bem DF e a PROECO: projeto expresso Centro-Oeste, ir\u00e1 oferecer apoio aos moradores de rua e animais [&hellip;]<\/p>\n","protected":false},"author":1441,"featured_media":10313,"comment_status":"open","ping_status":"open","sticky":false,"template":"","format":"standard","meta":{"_monsterinsights_skip_tracking":false,"_monsterinsights_sitenote_active":false,"_monsterinsights_sitenote_note":"","_monsterinsights_sitenote_category":0,"footnotes":""},"categories":[34,38],"tags":[],"class_list":["post-10312","post","type-post","status-publish","format-standard","has-post-thumbnail","hentry","category-destaque","category-health-2"],"_links":{"self":[{"href":"https:\/\/cidadecult.com.br\/index.php?rest_route=\/wp\/v2\/posts\/10312","targetHints":{"allow":["GET"]}}],"collection":[{"href":"https:\/\/cidadecult.com.br\/index.php?rest_route=\/wp\/v2\/posts"}],"about":[{"href":"https:\/\/cidadecult.com.br\/index.php?rest_route=\/wp\/v2\/types\/post"}],"author":[{"embeddable":true,"href":"https:\/\/cidadecult.com.br\/index.php?rest_route=\/wp\/v2\/users\/1441"}],"replies":[{"embeddable":true,"href":"https:\/\/cidadecult.com.br\/index.php?rest_route=%2Fwp%2Fv2%2Fcomments&post=10312"}],"version-history":[{"count":1,"href":"https:\/\/cidadecult.com.br\/index.php?rest_route=\/wp\/v2\/posts\/10312\/revisions"}],"predecessor-version":[{"id":10314,"href":"https:\/\/cidadecult.com.br\/index.php?rest_route=\/wp\/v2\/posts\/10312\/revisions\/10314"}],"wp:featuredmedia":[{"embeddable":true,"href":"https:\/\/cidadecult.com.br\/index.php?rest_route=\/wp\/v2\/media\/10313"}],"wp:attachment":[{"href":"https:\/\/cidadecult.com.br\/index.php?rest_route=%2Fwp%2Fv2%2Fmedia&parent=10312"}],"wp:term":[{"taxonomy":"category","embeddable":true,"href":"https:\/\/cidadecult.com.br\/index.php?rest_route=%2Fwp%2Fv2%2Fcategories&post=10312"},{"taxonomy":"post_tag","embeddable":true,"href":"https:\/\/cidadecult.com.br\/index.php?rest_route=%2Fwp%2Fv2%2Ftags&post=10312"}],"curies":[{"name":"wp","href":"https:\/\/api.w.org\/{rel}","templated":true}]}}