{"id":10209,"date":"2024-12-17T11:15:57","date_gmt":"2024-12-17T14:15:57","guid":{"rendered":"https:\/\/cidadecult.com.br\/?p=10209"},"modified":"2024-12-17T11:15:58","modified_gmt":"2024-12-17T14:15:58","slug":"neoenergia-brasilia-amplia-horario-de-atendimento-em-lojas-presenciais-para-mais-comodidade","status":"publish","type":"post","link":"https:\/\/cidadecult.com.br\/?p=10209","title":{"rendered":"Neoenergia Bras\u00edlia amplia hor\u00e1rio de atendimento em lojas presenciais para mais comodidade"},"content":{"rendered":"\n<p><em>Foto\/divulga\u00e7\u00e3o<\/em><\/p>\n\n\n\n<p><strong>A partir de hoje, 17 de dezembro, a Neoenergia Bras\u00edlia passa a oferecer um hor\u00e1rio de atendimento mais flex\u00edvel em suas lojas presenciais. Com o objetivo de proporcionar mais conforto e conveni\u00eancia aos clientes, as lojas de atendimento da distribuidora funcionar\u00e3o de segunda a sexta-feira, das 9h \u00e0s 18h, sem intervalo para almo\u00e7o. Al\u00e9m disso, as unidades tamb\u00e9m estar\u00e3o abertas aos s\u00e1bados, das 9h \u00e0s 13h.<\/strong><\/p>\n\n\n\n<p>Essas mudan\u00e7as representam uma hora a mais de atendimento durante a semana e visam facilitar o acesso dos brasilienses aos servi\u00e7os t\u00e9cnicos e comerciais da empresa, como parcelamento de d\u00e9bitos, solicita\u00e7\u00e3o de reparos, troca de titularidade e mais.<\/p>\n\n\n\n<p>Al\u00e9m das cinco lojas f\u00edsicas, localizadas em regi\u00f5es estrat\u00e9gicas do Distrito Federal, os clientes tamb\u00e9m podem ser atendidos nos postos do &#8220;<strong>Na hora<\/strong>&#8220;, com op\u00e7\u00f5es de atendimento por demanda ou agendado.<\/p>\n\n\n\n<h3 class=\"wp-block-heading\"><strong>Lojas de atendimento Neoenergia:<\/strong><\/h3>\n\n\n\n<ul class=\"wp-block-list\">\n<li><strong>Lago Sul<\/strong>: SHIS QI 23, Lago Sul<\/li>\n\n\n\n<li><strong>Parano\u00e1<\/strong>: Quadra 25, Conjunto A, Lote 18, Loja 03<\/li>\n\n\n\n<li><strong>Planaltina<\/strong>: \u00c1rea Especial 08, Setor Norte<\/li>\n\n\n\n<li><strong>Samambaia<\/strong>: QN 406, Conjunto F, Samambaia Norte<\/li>\n\n\n\n<li><strong>S\u00e3o Sebasti\u00e3o<\/strong>: Avenida Comercial, N\u00ba 1301, Setor Tradicional<\/li>\n<\/ul>\n\n\n\n<p><strong>Hor\u00e1rio de funcionamento:<\/strong><\/p>\n\n\n\n<ul class=\"wp-block-list\">\n<li>Segunda a sexta-feira: 9h \u00e0s 18h (sem intervalo para almo\u00e7o)<\/li>\n\n\n\n<li>S\u00e1bados: 9h \u00e0s 13h<\/li>\n<\/ul>\n\n\n\n<h3 class=\"wp-block-heading\"><strong>Postos do Na hora:<\/strong><\/h3>\n\n\n\n<ul class=\"wp-block-list\">\n<li><strong>Brazl\u00e2ndia<\/strong>: \u00c1rea Especial 04, Lote 03, Setor Tradicional<\/li>\n\n\n\n<li><strong>Ceil\u00e2ndia<\/strong>: QNM 11, \u00c1rea Especial, Shopping Popular<\/li>\n\n\n\n<li><strong>Gama<\/strong>: EQ 55\/56, \u00c1rea Especial Leste, Gama Shopping<\/li>\n\n\n\n<li><strong>Plano Piloto<\/strong>: SCN, Esta\u00e7\u00e3o Rodovi\u00e1ria de Bras\u00edlia (plataforma inferior, pr\u00f3ximo ao Metr\u00f4)<\/li>\n\n\n\n<li><strong>Riacho Fundo<\/strong>: QN 07, \u00c1rea Especial 01, Shopping Riacho Mall, 2\u00ba andar<\/li>\n\n\n\n<li><strong>Sobradinho<\/strong>: Quadra 06, \u00c1rea Especial 08<\/li>\n\n\n\n<li><strong>Taguatinga<\/strong>: QS 03, Lote 11, Lojas 4 a 8, Pist\u00e3o Sul<\/li>\n<\/ul>\n\n\n\n<p><strong>Hor\u00e1rio de funcionamento<\/strong>:<\/p>\n\n\n\n<ul class=\"wp-block-list\">\n<li>Segunda a s\u00e1bado: 7h \u00e0s 16h (livre demanda) e 16h \u00e0s 18h30 (agendado)<\/li>\n<\/ul>\n\n\n\n<p><strong>A Neoenergia Bras\u00edlia reafirma seu compromisso em facilitar o acesso aos servi\u00e7os essenciais e garantir que os brasilienses possam contar com mais op\u00e7\u00f5es de hor\u00e1rios para resolver suas pend\u00eancias.<\/strong><\/p>\n","protected":false},"excerpt":{"rendered":"<p>Foto\/divulga\u00e7\u00e3o A partir de hoje, 17 de dezembro, a Neoenergia Bras\u00edlia passa a oferecer um hor\u00e1rio de atendimento mais flex\u00edvel em suas lojas presenciais. Com o objetivo de proporcionar mais conforto e conveni\u00eancia aos clientes, as lojas de atendimento da distribuidora funcionar\u00e3o de segunda a sexta-feira, das 9h \u00e0s 18h, sem intervalo para almo\u00e7o. Al\u00e9m [&hellip;]<\/p>\n","protected":false},"author":1441,"featured_media":10210,"comment_status":"open","ping_status":"open","sticky":false,"template":"","format":"standard","meta":{"_monsterinsights_skip_tracking":false,"_monsterinsights_sitenote_active":false,"_monsterinsights_sitenote_note":"","_monsterinsights_sitenote_category":0,"footnotes":""},"categories":[17,16,34],"tags":[429,1049,4040],"class_list":["post-10209","post","type-post","status-publish","format-standard","has-post-thumbnail","hentry","category-bsb","category-tech","category-destaque","tag-brasilia-3","tag-inovacao-2","tag-neoenergia"],"_links":{"self":[{"href":"https:\/\/cidadecult.com.br\/index.php?rest_route=\/wp\/v2\/posts\/10209","targetHints":{"allow":["GET"]}}],"collection":[{"href":"https:\/\/cidadecult.com.br\/index.php?rest_route=\/wp\/v2\/posts"}],"about":[{"href":"https:\/\/cidadecult.com.br\/index.php?rest_route=\/wp\/v2\/types\/post"}],"author":[{"embeddable":true,"href":"https:\/\/cidadecult.com.br\/index.php?rest_route=\/wp\/v2\/users\/1441"}],"replies":[{"embeddable":true,"href":"https:\/\/cidadecult.com.br\/index.php?rest_route=%2Fwp%2Fv2%2Fcomments&post=10209"}],"version-history":[{"count":2,"href":"https:\/\/cidadecult.com.br\/index.php?rest_route=\/wp\/v2\/posts\/10209\/revisions"}],"predecessor-version":[{"id":10212,"href":"https:\/\/cidadecult.com.br\/index.php?rest_route=\/wp\/v2\/posts\/10209\/revisions\/10212"}],"wp:featuredmedia":[{"embeddable":true,"href":"https:\/\/cidadecult.com.br\/index.php?rest_route=\/wp\/v2\/media\/10210"}],"wp:attachment":[{"href":"https:\/\/cidadecult.com.br\/index.php?rest_route=%2Fwp%2Fv2%2Fmedia&parent=10209"}],"wp:term":[{"taxonomy":"category","embeddable":true,"href":"https:\/\/cidadecult.com.br\/index.php?rest_route=%2Fwp%2Fv2%2Fcategories&post=10209"},{"taxonomy":"post_tag","embeddable":true,"href":"https:\/\/cidadecult.com.br\/index.php?rest_route=%2Fwp%2Fv2%2Ftags&post=10209"}],"curies":[{"name":"wp","href":"https:\/\/api.w.org\/{rel}","templated":true}]}}