{"id":10205,"date":"2024-12-17T10:51:48","date_gmt":"2024-12-17T13:51:48","guid":{"rendered":"https:\/\/cidadecult.com.br\/?p=10205"},"modified":"2024-12-17T10:53:27","modified_gmt":"2024-12-17T13:53:27","slug":"fabio-jr-apresenta-show-imperdivel-em-brasilia-dia-22-de-fevereiro","status":"publish","type":"post","link":"https:\/\/cidadecult.com.br\/?p=10205","title":{"rendered":"F\u00e1bio Jr. apresenta show imperd\u00edvel em Bras\u00edlia  dia 22 de fevereiro!"},"content":{"rendered":"\n<p><em>Foto\/divulga\u00e7\u00e3o<\/em><\/p>\n\n\n\n<p><strong>F\u00e1bio J\u00fanior<\/strong>, um dos artistas mais consagrados da m\u00fasica brasileira, <strong>chega \u00e0 capital com o aguardado show da turn\u00ea &#8220;Bem mais que os meus 20 e poucos anos&#8221;<\/strong>. <strong>O evento, que acontecer\u00e1 no dia 22 de fevereiro, \u00e0s 21h, no Centro de Conven\u00e7\u00f5es Ulysses, promete uma viagem emocionante e surpreendente pela carreira do cantor, compositor, ator e apresentador.<\/strong><\/p>\n\n\n\n<p><strong>A turn\u00ea celebra sua trajet\u00f3ria de sucesso e \u00e9 marcada por uma produ\u00e7\u00e3o grandiosa e moderna, com um cen\u00e1rio repleto de LEDs que sinalizam os diferentes blocos tem\u00e1ticos do show. <\/strong>O p\u00fablico ter\u00e1 a chance de <strong>reviver momentos marcantes da carreira de F\u00e1bio Jr.<\/strong>,<strong> desde os primeiros sucessos at\u00e9 momentos in\u00e9ditos e \u00edntimos do artista<\/strong>. O show \u00e9 <strong>dividido em blocos<\/strong>, sendo <strong>o primeiro sobre o in\u00edcio de sua carreira, o segundo com registros biogr\u00e1ficos e o terceiro com materiais in\u00e9ditos<\/strong>, culminando em <strong>um bloco final recheado de grandes hits.<\/strong><\/p>\n\n\n\n<p><strong>F\u00e1bio Jr. compartilha a emo\u00e7\u00e3o de viver e celebrar sua carreira no palco, com o carinho dos f\u00e3s que sempre o acompanharam<\/strong>. &#8220;A melhor forma de celebrar minha carreira e a vida \u00e9 no palco com meus f\u00e3s, fam\u00edlia e amigos&#8221;, destaca o cantor.<\/p>\n\n\n\n<p><strong>Sobre F\u00e1bio Jr.<\/strong> Com mais de 30 \u00e1lbuns lan\u00e7ados e in\u00fameros sucessos marcantes, F\u00e1bio Jr. \u00e9 um dos maiores \u00edcones da m\u00fasica nacional. <strong>Suas m\u00fasicas atravessam gera\u00e7\u00f5es,<\/strong> sendo parte essencial de trilhas sonoras de novelas e da vida de milh\u00f5es de brasileiros.<strong> F\u00e1bio Jr. \u00e9 um artista completo, com uma carreira que engloba desde sua trajet\u00f3ria como ator at\u00e9 sua consolidada carreira musical<\/strong>, com hits como &#8220;S\u00f3 voc\u00ea&#8221;, &#8220;Senta aqui&#8221; e &#8220;Alma g\u00eamea&#8221;, entre outros.<\/p>\n\n\n\n<p><strong>Servi\u00e7o:<\/strong><\/p>\n\n\n\n<ul class=\"wp-block-list\">\n<li><strong>Data:<\/strong> 22 de fevereiro de 2025 (s\u00e1bado)<\/li>\n\n\n\n<li><strong>Hor\u00e1rio de abertura da casa:<\/strong> 19h<\/li>\n\n\n\n<li><strong>In\u00edcio do show:<\/strong> 21h<\/li>\n\n\n\n<li><strong>Local:<\/strong> Centro de Conven\u00e7\u00f5es Ulysses &#8211; Bras\u00edlia<\/li>\n\n\n\n<li><strong>Ingressos:<\/strong> <a href=\"https:\/\/www.bilheteriadigital.com\/fabio-jr-bem-mais-que-meus-20-poucos-anos-22-de-fevereiro\">Bilheteria Digital<\/a><\/li>\n<\/ul>\n\n\n\n<p><strong>Redes sociais:<\/strong><\/p>\n\n\n\n<ul class=\"wp-block-list\">\n<li><strong>Facebook:<\/strong> <a href=\"https:\/\/www.facebook.com\/FabioJrOficial\">F\u00e1bio Jr Oficial<\/a><\/li>\n\n\n\n<li><strong>Instagram:<\/strong> <a href=\"https:\/\/www.instagram.com\/fabiojroficial\">@fabiojroficial<\/a><\/li>\n\n\n\n<li><strong>YouTube:<\/strong> <a href=\"https:\/\/www.youtube.com\/user\/fabiojr\">F\u00e1bio Jr Oficial<\/a><\/li>\n<\/ul>\n\n\n\n<p><strong>N\u00e3o perca a chance de viver esse momento \u00fanico e celebrar a carreira e a vida de F\u00e1bio Jr. em Bras\u00edlia!. <\/strong><\/p>\n\n\n\n<p><\/p>\n","protected":false},"excerpt":{"rendered":"<p>Foto\/divulga\u00e7\u00e3o F\u00e1bio J\u00fanior, um dos artistas mais consagrados da m\u00fasica brasileira, chega \u00e0 capital com o aguardado show da turn\u00ea &#8220;Bem mais que os meus 20 e poucos anos&#8221;. O evento, que acontecer\u00e1 no dia 22 de fevereiro, \u00e0s 21h, no Centro de Conven\u00e7\u00f5es Ulysses, promete uma viagem emocionante e surpreendente pela carreira do cantor, [&hellip;]<\/p>\n","protected":false},"author":1441,"featured_media":10206,"comment_status":"open","ping_status":"open","sticky":false,"template":"","format":"standard","meta":{"_monsterinsights_skip_tracking":false,"_monsterinsights_sitenote_active":false,"_monsterinsights_sitenote_note":"","_monsterinsights_sitenote_category":0,"footnotes":""},"categories":[17,34,35],"tags":[429,4038,4039],"class_list":["post-10205","post","type-post","status-publish","format-standard","has-post-thumbnail","hentry","category-bsb","category-destaque","category-business-news365","tag-brasilia-3","tag-fabiojr","tag-showimperdivel"],"_links":{"self":[{"href":"https:\/\/cidadecult.com.br\/index.php?rest_route=\/wp\/v2\/posts\/10205","targetHints":{"allow":["GET"]}}],"collection":[{"href":"https:\/\/cidadecult.com.br\/index.php?rest_route=\/wp\/v2\/posts"}],"about":[{"href":"https:\/\/cidadecult.com.br\/index.php?rest_route=\/wp\/v2\/types\/post"}],"author":[{"embeddable":true,"href":"https:\/\/cidadecult.com.br\/index.php?rest_route=\/wp\/v2\/users\/1441"}],"replies":[{"embeddable":true,"href":"https:\/\/cidadecult.com.br\/index.php?rest_route=%2Fwp%2Fv2%2Fcomments&post=10205"}],"version-history":[{"count":1,"href":"https:\/\/cidadecult.com.br\/index.php?rest_route=\/wp\/v2\/posts\/10205\/revisions"}],"predecessor-version":[{"id":10207,"href":"https:\/\/cidadecult.com.br\/index.php?rest_route=\/wp\/v2\/posts\/10205\/revisions\/10207"}],"wp:featuredmedia":[{"embeddable":true,"href":"https:\/\/cidadecult.com.br\/index.php?rest_route=\/wp\/v2\/media\/10206"}],"wp:attachment":[{"href":"https:\/\/cidadecult.com.br\/index.php?rest_route=%2Fwp%2Fv2%2Fmedia&parent=10205"}],"wp:term":[{"taxonomy":"category","embeddable":true,"href":"https:\/\/cidadecult.com.br\/index.php?rest_route=%2Fwp%2Fv2%2Fcategories&post=10205"},{"taxonomy":"post_tag","embeddable":true,"href":"https:\/\/cidadecult.com.br\/index.php?rest_route=%2Fwp%2Fv2%2Ftags&post=10205"}],"curies":[{"name":"wp","href":"https:\/\/api.w.org\/{rel}","templated":true}]}}