{"id":10197,"date":"2024-12-17T10:15:32","date_gmt":"2024-12-17T13:15:32","guid":{"rendered":"https:\/\/cidadecult.com.br\/?p=10197"},"modified":"2024-12-17T10:16:48","modified_gmt":"2024-12-17T13:16:48","slug":"cineclube-vale-do-amanhecer-encerra-2024-com-sessao-especial","status":"publish","type":"post","link":"https:\/\/cidadecult.com.br\/?p=10197","title":{"rendered":"Cineclube Vale do Amanhecer encerra 2024 com sess\u00e3o especial"},"content":{"rendered":"\n<p><em>Foto\/divulga\u00e7\u00e3o<\/em><\/p>\n\n\n\n<p><strong>O &#8220;Cineclube vale do amanhecer&#8221; se despede de 2024 com uma sess\u00e3o especial no 21 de dezembro, trazendo para o p\u00fablico do Vale do amanhecer o filme &#8220;A hora da estrela&#8221;, uma adapta\u00e7\u00e3o da obra de Clarice Lispector, dirigida por Suzana Amaral. A exibi\u00e7\u00e3o ocorrer\u00e1 no CEF Aprodarmas (Sal\u00e3o Ypuena), em Vale do Amanhecer, Planaltina.<\/strong><\/p>\n\n\n\n<p>Este <strong>projeto<\/strong>, viabilizado pela<strong> Lei Paulo Gustavo<\/strong> e com o apoio da<strong> Secretaria de Economia Criativa do Distrito Federal<\/strong>, <strong>segue promovendo o cinema como uma poderosa ferramenta de inclus\u00e3o social e transforma\u00e7\u00e3o<\/strong>. Durante o ano, o cineclube proporcionou \u00e0 comunidade local uma s\u00e9rie de exibi\u00e7\u00f5es que abordaram<strong> temas relevantes <\/strong>como racismo, feminic\u00eddio, acessibilidade, cultura ind\u00edgena e muitos outros, <strong>sempre com debates que incentivaram a reflex\u00e3o cr\u00edtica e a troca de ideias.<\/strong><\/p>\n\n\n\n<p>Ap\u00f3s a pausa para os festejos de fim de ano, o &#8220;Cineclube vale do amanhecer&#8221; estar\u00e1 de volta em janeiro de 2025 com exibi\u00e7\u00f5es imperd\u00edveis, como &#8220;Alma no olho&#8221;, de Z\u00f3zimo Bulbul, e &#8220;O caso da vara&#8221;, de Lu\u00eds Antonio Pereira, al\u00e9m de uma sess\u00e3o especial para as crian\u00e7as com cl\u00e1ssicos da Disney. E, para tornar a experi\u00eancia ainda mais gostosa,<strong> todos receber\u00e3o pipoca gratuita!<\/strong><\/p>\n\n\n\n<p><strong>Com mais de 20 anos de atividades, o Cineclube tem sido um ponto de encontro fundamental para a comunidade, proporcionando acesso ao cinema e fomentando a reflex\u00e3o sobre temas sociais. O projeto tem como miss\u00e3o descentralizar a cultura e democratizar o acesso \u00e0 arte, transformando a realidade de muitos.<\/strong><\/p>\n\n\n\n<p><strong>Servi\u00e7o:<\/strong><\/p>\n\n\n\n<p>Data: 21\/12 \u2013 Exibi\u00e7\u00e3o de &#8220;A hora da estrela&#8221;<br>Local: CEF Aprodarmas (Sal\u00e3o Ypuena), Vale do Amanhecer \u2013 Planaltina<br>Entrada: Gratuita<br>Mais informa\u00e7\u00f5es: (61) 98168-7346<br>O &#8220;Cineclube vale do amanhecer&#8221; segue cumprindo sua miss\u00e3o de democratizar o cinema e promover o audiovisual como ferramenta de educa\u00e7\u00e3o e transforma\u00e7\u00e3o social. Participe dessa \u00faltima exibi\u00e7\u00e3o de 2024 e venha refletir, aprender e se divertir com a magia do cinema!. <\/p>\n","protected":false},"excerpt":{"rendered":"<p>Foto\/divulga\u00e7\u00e3o O &#8220;Cineclube vale do amanhecer&#8221; se despede de 2024 com uma sess\u00e3o especial no 21 de dezembro, trazendo para o p\u00fablico do Vale do amanhecer o filme &#8220;A hora da estrela&#8221;, uma adapta\u00e7\u00e3o da obra de Clarice Lispector, dirigida por Suzana Amaral. A exibi\u00e7\u00e3o ocorrer\u00e1 no CEF Aprodarmas (Sal\u00e3o Ypuena), em Vale do Amanhecer, [&hellip;]<\/p>\n","protected":false},"author":1441,"featured_media":10198,"comment_status":"open","ping_status":"open","sticky":false,"template":"","format":"standard","meta":{"_monsterinsights_skip_tracking":false,"_monsterinsights_sitenote_active":false,"_monsterinsights_sitenote_note":"","_monsterinsights_sitenote_category":0,"footnotes":""},"categories":[17,232,34],"tags":[746,423,4036],"class_list":["post-10197","post","type-post","status-publish","format-standard","has-post-thumbnail","hentry","category-bsb","category-cinema","category-destaque","tag-2024-2","tag-cidadecultpordentro-2","tag-cineclubvaledoamanhecer"],"_links":{"self":[{"href":"https:\/\/cidadecult.com.br\/index.php?rest_route=\/wp\/v2\/posts\/10197","targetHints":{"allow":["GET"]}}],"collection":[{"href":"https:\/\/cidadecult.com.br\/index.php?rest_route=\/wp\/v2\/posts"}],"about":[{"href":"https:\/\/cidadecult.com.br\/index.php?rest_route=\/wp\/v2\/types\/post"}],"author":[{"embeddable":true,"href":"https:\/\/cidadecult.com.br\/index.php?rest_route=\/wp\/v2\/users\/1441"}],"replies":[{"embeddable":true,"href":"https:\/\/cidadecult.com.br\/index.php?rest_route=%2Fwp%2Fv2%2Fcomments&post=10197"}],"version-history":[{"count":1,"href":"https:\/\/cidadecult.com.br\/index.php?rest_route=\/wp\/v2\/posts\/10197\/revisions"}],"predecessor-version":[{"id":10199,"href":"https:\/\/cidadecult.com.br\/index.php?rest_route=\/wp\/v2\/posts\/10197\/revisions\/10199"}],"wp:featuredmedia":[{"embeddable":true,"href":"https:\/\/cidadecult.com.br\/index.php?rest_route=\/wp\/v2\/media\/10198"}],"wp:attachment":[{"href":"https:\/\/cidadecult.com.br\/index.php?rest_route=%2Fwp%2Fv2%2Fmedia&parent=10197"}],"wp:term":[{"taxonomy":"category","embeddable":true,"href":"https:\/\/cidadecult.com.br\/index.php?rest_route=%2Fwp%2Fv2%2Fcategories&post=10197"},{"taxonomy":"post_tag","embeddable":true,"href":"https:\/\/cidadecult.com.br\/index.php?rest_route=%2Fwp%2Fv2%2Ftags&post=10197"}],"curies":[{"name":"wp","href":"https:\/\/api.w.org\/{rel}","templated":true}]}}