{"id":10175,"date":"2024-12-16T11:05:21","date_gmt":"2024-12-16T14:05:21","guid":{"rendered":"https:\/\/cidadecult.com.br\/?p=10175"},"modified":"2024-12-16T11:06:38","modified_gmt":"2024-12-16T14:06:38","slug":"vulva-revolucao-o-blog-feminista-que-virou-livro-uma-decada-de-reflexoes-e-lutas","status":"publish","type":"post","link":"https:\/\/cidadecult.com.br\/?p=10175","title":{"rendered":"&#8220;Vulva revolu\u00e7\u00e3o&#8221; o blog feminista que virou livro: Uma d\u00e9cada de reflex\u00f5es e lutas"},"content":{"rendered":"\n<p><em>Foto\/divulga\u00e7\u00e3o<\/em><\/p>\n\n\n\n<p><strong>Em 2014, o blog &#8220;Vulva revolu\u00e7\u00e3o&#8221;, criado pela jornalista e escritora Ma\u00edra Val\u00e9rio, surgiu em Bras\u00edlia com a miss\u00e3o de compartilhar ideias e reflex\u00f5es feministas de forma descomplicada e acess\u00edvel.<\/strong> O que come\u00e7ou como um <strong>espa\u00e7o virtual para expressar sonhos, ang\u00fastias e quest\u00f5es sobre a sociedade, <\/strong>rapidamente se transformou em uma<strong> plataforma de debates que alcan\u00e7ou <\/strong>mais de 2 milh\u00f5es de pessoas. Agora, o projeto comemora<strong> uma d\u00e9cada<\/strong> de exist\u00eancia com o lan\u00e7amento de um livro, publicado pela <strong>editora negalilu<\/strong>, de <strong>Goi\u00e2nia<\/strong>.<\/p>\n\n\n\n<p><strong>Da tela para o papel: o impacto de 10 anos de Vulva revolu\u00e7\u00e3o <\/strong><\/p>\n\n\n\n<p><strong>O livro compila alguns dos textos mais emblem\u00e1ticos do blog, trazendo uma proposta de resgatar e organizar essa produ\u00e7\u00e3o, que ao longo dos anos ultrapassou as fronteiras de Bras\u00edlia e foi al\u00e9m do formato digital. A obra, que agora se apresenta em formato impresso, \u00e9 uma nova forma de consolidar a luta feminista que o blog sempre prop\u00f4s, abordando temas como padr\u00f5es de beleza, disparidade salarial, divis\u00e3o sexual do trabalho e muito mais.<\/strong><\/p>\n\n\n\n<p>O projeto, cuidadosamente adaptado para o formato gr\u00e1fico e editorial, traz <strong>ilustra\u00e7\u00f5es de Nana Bittencourt<\/strong> e foi<strong> idealizado por Larissa Mundim<\/strong>. Al\u00e9m disso, o livro ser\u00e1 <strong>lan\u00e7ado pela cole\u00e7\u00e3o blobloblo, <\/strong>que tem como<strong> objetivo preservar e divulgar conte\u00fados de blogs relevantes que marcaram a hist\u00f3ria da cibercultura e a evolu\u00e7\u00e3o das narrativas digitais.<\/strong><\/p>\n\n\n\n<p><strong>Tour de <\/strong>l<strong>an\u00e7amento em Bras\u00edlia, S\u00e3o Paulo e Rio de Janeiro<\/strong><\/p>\n\n\n\n<p>A turn\u00ea de lan\u00e7amento do livro come\u00e7a em <strong>Bras\u00edlia<\/strong> no dia <strong>20 de dezembro<\/strong>, no <strong>Barito Bar<\/strong>, e segue para <strong>S\u00e3o Paulo<\/strong> em <strong>17 de janeiro<\/strong>, na <strong>Ria Livraria<\/strong>, e para o <strong>Rio de Janeiro<\/strong> em <strong>23 de janeiro<\/strong>, no <strong>Oscar Selvagem Pub<\/strong>. Cada evento ter\u00e1 uma atmosfera \u00fanica, celebrando a liberdade e a criatividade das vozes feministas que se destacaram no universo digital.<\/p>\n\n\n\n<p><strong>Saiba mais e garanta seu exemplar!<\/strong><\/p>\n\n\n\n<p>O livro j\u00e1 est\u00e1 dispon\u00edvel para pr\u00e9-venda com envio para todo o Brasil. Adquira o seu exemplar pelo link: <a href=\"https:\/\/pag.ae\/7_2R9ivr9\">Compra online &#8211; PagSeguro<\/a><\/p>\n\n\n\n<p><strong>Datas e locais dos lan\u00e7amentos<\/strong>:<\/p>\n\n\n\n<ul class=\"wp-block-list\">\n<li><strong>Bras\u00edlia (DF)<\/strong>: 20 de dezembro, 18h \u2013 Barito Bar (714 Norte)<\/li>\n\n\n\n<li><strong>S\u00e3o Paulo (SP)<\/strong>: 17 de janeiro, 18h30 \u2013 Ria Livraria (Rua Marinho Falc\u00e3o, 58)<\/li>\n\n\n\n<li><strong>Rio de Janeiro (RJ)<\/strong>: 23 de janeiro, 19h30 \u2013 Oscar Selvagem Pub (Rua Paulo Barreto, 121, Botafogo)<\/li>\n<\/ul>\n\n\n\n<p>N\u00e3o perca essa chance de celebrar a<strong> for\u00e7a do feminismo digital <\/strong>e a<strong> import\u00e2ncia da produ\u00e7\u00e3o cultural fora dos grandes centros!. <\/strong><\/p>\n\n\n\n<p><\/p>\n","protected":false},"excerpt":{"rendered":"<p>Foto\/divulga\u00e7\u00e3o Em 2014, o blog &#8220;Vulva revolu\u00e7\u00e3o&#8221;, criado pela jornalista e escritora Ma\u00edra Val\u00e9rio, surgiu em Bras\u00edlia com a miss\u00e3o de compartilhar ideias e reflex\u00f5es feministas de forma descomplicada e acess\u00edvel. O que come\u00e7ou como um espa\u00e7o virtual para expressar sonhos, ang\u00fastias e quest\u00f5es sobre a sociedade, rapidamente se transformou em uma plataforma de debates [&hellip;]<\/p>\n","protected":false},"author":1441,"featured_media":10177,"comment_status":"open","ping_status":"open","sticky":false,"template":"","format":"standard","meta":{"_monsterinsights_skip_tracking":false,"_monsterinsights_sitenote_active":false,"_monsterinsights_sitenote_note":"","_monsterinsights_sitenote_category":0,"footnotes":""},"categories":[2569,34,300],"tags":[4027,439,4029,4026],"class_list":["post-10175","post","type-post","status-publish","format-standard","has-post-thumbnail","hentry","category-arte","category-destaque","category-literatura","tag-blogfeminist","tag-brasil-2","tag-reflexaoeluta","tag-vulvarevolucao"],"_links":{"self":[{"href":"https:\/\/cidadecult.com.br\/index.php?rest_route=\/wp\/v2\/posts\/10175","targetHints":{"allow":["GET"]}}],"collection":[{"href":"https:\/\/cidadecult.com.br\/index.php?rest_route=\/wp\/v2\/posts"}],"about":[{"href":"https:\/\/cidadecult.com.br\/index.php?rest_route=\/wp\/v2\/types\/post"}],"author":[{"embeddable":true,"href":"https:\/\/cidadecult.com.br\/index.php?rest_route=\/wp\/v2\/users\/1441"}],"replies":[{"embeddable":true,"href":"https:\/\/cidadecult.com.br\/index.php?rest_route=%2Fwp%2Fv2%2Fcomments&post=10175"}],"version-history":[{"count":1,"href":"https:\/\/cidadecult.com.br\/index.php?rest_route=\/wp\/v2\/posts\/10175\/revisions"}],"predecessor-version":[{"id":10178,"href":"https:\/\/cidadecult.com.br\/index.php?rest_route=\/wp\/v2\/posts\/10175\/revisions\/10178"}],"wp:featuredmedia":[{"embeddable":true,"href":"https:\/\/cidadecult.com.br\/index.php?rest_route=\/wp\/v2\/media\/10177"}],"wp:attachment":[{"href":"https:\/\/cidadecult.com.br\/index.php?rest_route=%2Fwp%2Fv2%2Fmedia&parent=10175"}],"wp:term":[{"taxonomy":"category","embeddable":true,"href":"https:\/\/cidadecult.com.br\/index.php?rest_route=%2Fwp%2Fv2%2Fcategories&post=10175"},{"taxonomy":"post_tag","embeddable":true,"href":"https:\/\/cidadecult.com.br\/index.php?rest_route=%2Fwp%2Fv2%2Ftags&post=10175"}],"curies":[{"name":"wp","href":"https:\/\/api.w.org\/{rel}","templated":true}]}}