{"id":10121,"date":"2024-12-13T11:55:23","date_gmt":"2024-12-13T14:55:23","guid":{"rendered":"https:\/\/cidadecult.com.br\/?p=10121"},"modified":"2024-12-13T11:55:57","modified_gmt":"2024-12-13T14:55:57","slug":"escs-forma-novos-medicos-e-enfermeiros-em-solenidades-de-colacao-de-grau","status":"publish","type":"post","link":"https:\/\/cidadecult.com.br\/?p=10121","title":{"rendered":"Escs forma novos m\u00e9dicos e enfermeiros em solenidades de cola\u00e7\u00e3o de grau"},"content":{"rendered":"\n<p><em>Foto: Jhonatan Cantarelle<\/em><\/p>\n\n\n\n<p><strong>Nesta quarta e quinta-feira, a Escola Superior de Ci\u00eancias da Sa\u00fade (Escs), integrada \u00e0 Universidade do Distrito Federal (UnDF), celebrou a formatura de seus novos m\u00e9dicos e enfermeiros. As solenidades ocorreram no audit\u00f3rio da Funda\u00e7\u00e3o de Ensino e Pesquisa em Ci\u00eancias da Sa\u00fade (Fepecs) e reuniram familiares, amigos, docentes e profissionais da sa\u00fade para prestigiar a conquista dos formandos.<\/strong><\/p>\n\n\n\n<p><strong>Forma\u00e7\u00e3o de m\u00e9dicos:<\/strong> No dia 11, a 19\u00aa turma do curso de Medicina celebrou sua formatura, com <strong>83 novos m\u00e9dicos <\/strong>recebendo seus diplomas e prestando o juramento de compromisso \u00e0 profiss\u00e3o.<strong> A reitora pro tempore da UnDF, Simone Benck, destacou o papel fundamental da Escs na forma\u00e7\u00e3o de profissionais qualificados e a import\u00e2ncia da coragem necess\u00e1ria para enfrentar os desafios da medicina<\/strong>. A secret\u00e1ria de Sa\u00fade do DF, Lucilene Flor\u00eancio, tamb\u00e9m refor\u00e7ou o impacto dos novos m\u00e9dicos no avan\u00e7o da ci\u00eancia e no fortalecimento do Sistema \u00danico de Sa\u00fade (SUS).<\/p>\n\n\n\n<p><strong>Emo\u00e7\u00e3o na formatura de enfermagem: No dia seguinte, foi a vez dos 57 formandos do curso de Enfermagem da 13\u00aa turma da Escs serem homenageados.<\/strong> A oradora da turma, Eduarda Nascimento, compartilhou o sentimento de dever cumprido, ressaltando as dificuldades superadas ao longo dos quatro anos de curso. O diretor da Escs, Dem\u00e9trio Gon\u00e7alves Gomes, comemorou a entrega de novos profissionais \u00e0 sociedade, ressaltando a import\u00e2ncia de uma educa\u00e7\u00e3o de excel\u00eancia, focada no cuidado humanizado, \u00e9tica e responsabilidade social.<\/p>\n\n\n\n<p><strong>Compromisso com a sa\u00fade p\u00fablica: Ambas as cerim\u00f4nias destacaram a relev\u00e2ncia de formar profissionais preparados para contribuir com o desenvolvimento da sa\u00fade p\u00fablica e com a melhoria da qualidade de vida da popula\u00e7\u00e3o.<\/strong> Autoridades como a diretora-executiva da Fepecs, Inoc\u00eancia Rocha da Cunha Fernandes, e as coordenadoras dos cursos de Medicina e Enfermagem, M\u00e1rcia Cardoso Rodrigues e Teresa Christine Pereira Morais, tamb\u00e9m participaram das celebra\u00e7\u00f5es.<\/p>\n\n\n\n<p><strong>A formatura da Escs \u00e9 mais um marco na forma\u00e7\u00e3o de profissionais que ir\u00e3o impactar positivamente a sa\u00fade do Distrito Federal, com dedica\u00e7\u00e3o e compromisso com o cuidado e bem-estar da sociedade.<\/strong><\/p>\n","protected":false},"excerpt":{"rendered":"<p>Foto: Jhonatan Cantarelle Nesta quarta e quinta-feira, a Escola Superior de Ci\u00eancias da Sa\u00fade (Escs), integrada \u00e0 Universidade do Distrito Federal (UnDF), celebrou a formatura de seus novos m\u00e9dicos e enfermeiros. As solenidades ocorreram no audit\u00f3rio da Funda\u00e7\u00e3o de Ensino e Pesquisa em Ci\u00eancias da Sa\u00fade (Fepecs) e reuniram familiares, amigos, docentes e profissionais da [&hellip;]<\/p>\n","protected":false},"author":1441,"featured_media":10122,"comment_status":"open","ping_status":"open","sticky":false,"template":"","format":"standard","meta":{"_monsterinsights_skip_tracking":false,"_monsterinsights_sitenote_active":false,"_monsterinsights_sitenote_note":"","_monsterinsights_sitenote_category":0,"footnotes":""},"categories":[17,38],"tags":[3999,487,456],"class_list":["post-10121","post","type-post","status-publish","format-standard","has-post-thumbnail","hentry","category-bsb","category-health-2","tag-colacao","tag-destaque","tag-escs"],"_links":{"self":[{"href":"https:\/\/cidadecult.com.br\/index.php?rest_route=\/wp\/v2\/posts\/10121","targetHints":{"allow":["GET"]}}],"collection":[{"href":"https:\/\/cidadecult.com.br\/index.php?rest_route=\/wp\/v2\/posts"}],"about":[{"href":"https:\/\/cidadecult.com.br\/index.php?rest_route=\/wp\/v2\/types\/post"}],"author":[{"embeddable":true,"href":"https:\/\/cidadecult.com.br\/index.php?rest_route=\/wp\/v2\/users\/1441"}],"replies":[{"embeddable":true,"href":"https:\/\/cidadecult.com.br\/index.php?rest_route=%2Fwp%2Fv2%2Fcomments&post=10121"}],"version-history":[{"count":1,"href":"https:\/\/cidadecult.com.br\/index.php?rest_route=\/wp\/v2\/posts\/10121\/revisions"}],"predecessor-version":[{"id":10123,"href":"https:\/\/cidadecult.com.br\/index.php?rest_route=\/wp\/v2\/posts\/10121\/revisions\/10123"}],"wp:featuredmedia":[{"embeddable":true,"href":"https:\/\/cidadecult.com.br\/index.php?rest_route=\/wp\/v2\/media\/10122"}],"wp:attachment":[{"href":"https:\/\/cidadecult.com.br\/index.php?rest_route=%2Fwp%2Fv2%2Fmedia&parent=10121"}],"wp:term":[{"taxonomy":"category","embeddable":true,"href":"https:\/\/cidadecult.com.br\/index.php?rest_route=%2Fwp%2Fv2%2Fcategories&post=10121"},{"taxonomy":"post_tag","embeddable":true,"href":"https:\/\/cidadecult.com.br\/index.php?rest_route=%2Fwp%2Fv2%2Ftags&post=10121"}],"curies":[{"name":"wp","href":"https:\/\/api.w.org\/{rel}","templated":true}]}}