{"id":10113,"date":"2024-12-13T11:23:19","date_gmt":"2024-12-13T14:23:19","guid":{"rendered":"https:\/\/cidadecult.com.br\/?p=10113"},"modified":"2024-12-13T11:26:07","modified_gmt":"2024-12-13T14:26:07","slug":"patrimonio-e-turismo-uma-imersao-na-historia-e-cultura-de-brasilia","status":"publish","type":"post","link":"https:\/\/cidadecult.com.br\/?p=10113","title":{"rendered":"Patrim\u00f4nio e turismo: uma imers\u00e3o na hist\u00f3ria e cultura de Bras\u00edlia"},"content":{"rendered":"\n<p><em>Foto\/divulga\u00e7\u00e3o<\/em><\/p>\n\n\n\n<p><strong>At\u00e9 20 de dezembro, a &#8220;Jornada liter\u00e1ria 2024: patrim\u00f4nio e turismo&#8221; oferece uma experi\u00eancia \u00fanica, conectando turismo, literatura e a rica hist\u00f3ria cultural de Bras\u00edlia.<\/strong> <strong>O projeto, idealizado pela Associa\u00e7\u00e3o Cultural Jornada Liter\u00e1ria DF, promove uma s\u00e9rie de palestras e visitas guiadas a locais hist\u00f3ricos e culturais de nossa capital, valorizando o patrim\u00f4nio e oferecendo uma abordagem educativa para o p\u00fablico.<\/strong><\/p>\n\n\n\n<p><strong>O evento \u00e9 voltado especialmente para idosos e alunos da rede p\u00fablica das regi\u00f5es de Sobradinho, Planaltina, S\u00e3o Sebasti\u00e3o, Parano\u00e1 e Itapo\u00e3, e tem como objetivo democratizar o acesso a espa\u00e7os hist\u00f3ricos e monumentos que fazem parte da identidade cultural de Bras\u00edlia.<\/strong> Com atividades c\u00edvico-pedag\u00f3gicas, o projeto une a literatura como uma ponte para o conhecimento hist\u00f3rico e o turismo como meio de viv\u00eancia pr\u00e1tica nos locais emblem\u00e1ticos da cidade.<\/p>\n\n\n\n<h3 class=\"wp-block-heading\"><strong>Programa\u00e7\u00e3o do projeto<\/strong><\/h3>\n\n\n\n<p>At\u00e9 o final de 2024, ser\u00e3o realizadas <strong>20 palestras preparat\u00f3rias<\/strong> e <strong>44 visitas guiadas<\/strong> a importantes pontos tur\u00edsticos e culturais de Bras\u00edlia, como:<\/p>\n\n\n\n<ul class=\"wp-block-list\">\n<li><strong>Pra\u00e7a dos Tr\u00eas Poderes<\/strong><\/li>\n\n\n\n<li><strong>Memorial JK<\/strong><\/li>\n\n\n\n<li><strong>Catedral Metropolitana<\/strong><\/li>\n\n\n\n<li><strong>Museu Vivo da Mem\u00f3ria Candanga<\/strong><\/li>\n\n\n\n<li><strong>SESI Lab<\/strong><\/li>\n<\/ul>\n\n\n\n<p>As visitas ser\u00e3o conduzidas por guias tur\u00edsticos credenciados, oferecendo uma imers\u00e3o no patrim\u00f4nio e uma oportunidade para resgatar e valorizar a mem\u00f3ria da cidade.<\/p>\n\n\n\n<h3 class=\"wp-block-heading\"><strong>Objetivo: conectar e educar<\/strong><\/h3>\n\n\n\n<p>Marilda Bezerra, diretora-presidente da Associa\u00e7\u00e3o Jornada Liter\u00e1ria, destaca: <strong>\u201cA literatura serve como uma ponte para mergulhar na hist\u00f3ria de Bras\u00edlia, enquanto o turismo proporciona uma conex\u00e3o pr\u00e1tica com os locais que definem nossa identidade cultural.\u201d <\/strong>O projeto visa n\u00e3o apenas promover o conhecimento sobre o<strong> patrim\u00f4nio cultural<\/strong>, mas tamb\u00e9m criar um <strong>sentimento de pertencimento<\/strong> entre os participantes.<\/p>\n\n\n\n<p>Com o objetivo de promover a inclus\u00e3o e a educa\u00e7\u00e3o, o &#8220;Patrim\u00f4nio e turismo 2024&#8221; se destaca como uma importante a\u00e7\u00e3o de valoriza\u00e7\u00e3o do patrim\u00f4nio, especialmente para aqueles que, historicamente, n\u00e3o t\u00eam acesso frequente aos espa\u00e7os culturais da cidade.<\/p>\n\n\n\n<h3 class=\"wp-block-heading\"><strong>Participe!<\/strong><\/h3>\n\n\n\n<p>As atividades s\u00e3o <strong>gratuitas<\/strong> e abertas para alunos do ensino fundamental das escolas p\u00fablicas das regi\u00f5es mencionadas, al\u00e9m de pessoas com mais de 60 anos. \u00c9 uma oportunidade para vivenciar a hist\u00f3ria de Bras\u00edlia de uma maneira imersiva e educativa.<\/p>\n\n\n\n<p><strong>Servi\u00e7o:<\/strong><\/p>\n\n\n\n<ul class=\"wp-block-list\">\n<li><strong>Jornada liter\u00e1ria 2024: patrim\u00f4nio e turismo<\/strong><\/li>\n\n\n\n<li><strong>Onde:<\/strong> Pra\u00e7a dos Tr\u00eas Poderes, Catedral Metropolitana de Bras\u00edlia, Memorial JK, Museu Vivo da Mem\u00f3ria Candanga, SESI Lab<\/li>\n\n\n\n<li><strong>Quando:<\/strong> Outubro a 20 de dezembro de 2024<\/li>\n\n\n\n<li><strong>Informa\u00e7\u00f5es e agendamentos:<\/strong> WhatsApp (+55) 61 9 8192-0333 | <a>jornadaliterariadf@gmail.com<\/a><\/li>\n\n\n\n<li><strong>Quem pode participar:<\/strong> Alunos do ensino fundamental de escolas p\u00fablicas de Sobradinho, Planaltina, Parano\u00e1, S\u00e3o Sebasti\u00e3o e Itapo\u00e3 | Pessoas com mais de 60 anos<\/li>\n<\/ul>\n\n\n\n<p><strong>N\u00e3o perca essa chance de conhecer mais sobre a hist\u00f3ria de Bras\u00edlia de maneira acess\u00edvel e enriquecedora!. <\/strong><\/p>\n","protected":false},"excerpt":{"rendered":"<p>Foto\/divulga\u00e7\u00e3o At\u00e9 20 de dezembro, a &#8220;Jornada liter\u00e1ria 2024: patrim\u00f4nio e turismo&#8221; oferece uma experi\u00eancia \u00fanica, conectando turismo, literatura e a rica hist\u00f3ria cultural de Bras\u00edlia. O projeto, idealizado pela Associa\u00e7\u00e3o Cultural Jornada Liter\u00e1ria DF, promove uma s\u00e9rie de palestras e visitas guiadas a locais hist\u00f3ricos e culturais de nossa capital, valorizando o patrim\u00f4nio e [&hellip;]<\/p>\n","protected":false},"author":1441,"featured_media":10114,"comment_status":"open","ping_status":"open","sticky":false,"template":"","format":"standard","meta":{"_monsterinsights_skip_tracking":false,"_monsterinsights_sitenote_active":false,"_monsterinsights_sitenote_note":"","_monsterinsights_sitenote_category":0,"footnotes":""},"categories":[17,34],"tags":[403,3995,3994],"class_list":["post-10113","post","type-post","status-publish","format-standard","has-post-thumbnail","hentry","category-bsb","category-destaque","tag-cidadecult-2","tag-imersaonahistpria","tag-patrimonioeturismo"],"_links":{"self":[{"href":"https:\/\/cidadecult.com.br\/index.php?rest_route=\/wp\/v2\/posts\/10113","targetHints":{"allow":["GET"]}}],"collection":[{"href":"https:\/\/cidadecult.com.br\/index.php?rest_route=\/wp\/v2\/posts"}],"about":[{"href":"https:\/\/cidadecult.com.br\/index.php?rest_route=\/wp\/v2\/types\/post"}],"author":[{"embeddable":true,"href":"https:\/\/cidadecult.com.br\/index.php?rest_route=\/wp\/v2\/users\/1441"}],"replies":[{"embeddable":true,"href":"https:\/\/cidadecult.com.br\/index.php?rest_route=%2Fwp%2Fv2%2Fcomments&post=10113"}],"version-history":[{"count":1,"href":"https:\/\/cidadecult.com.br\/index.php?rest_route=\/wp\/v2\/posts\/10113\/revisions"}],"predecessor-version":[{"id":10115,"href":"https:\/\/cidadecult.com.br\/index.php?rest_route=\/wp\/v2\/posts\/10113\/revisions\/10115"}],"wp:featuredmedia":[{"embeddable":true,"href":"https:\/\/cidadecult.com.br\/index.php?rest_route=\/wp\/v2\/media\/10114"}],"wp:attachment":[{"href":"https:\/\/cidadecult.com.br\/index.php?rest_route=%2Fwp%2Fv2%2Fmedia&parent=10113"}],"wp:term":[{"taxonomy":"category","embeddable":true,"href":"https:\/\/cidadecult.com.br\/index.php?rest_route=%2Fwp%2Fv2%2Fcategories&post=10113"},{"taxonomy":"post_tag","embeddable":true,"href":"https:\/\/cidadecult.com.br\/index.php?rest_route=%2Fwp%2Fv2%2Ftags&post=10113"}],"curies":[{"name":"wp","href":"https:\/\/api.w.org\/{rel}","templated":true}]}}