{"id":1003,"date":"2023-08-15T18:32:42","date_gmt":"2023-08-15T21:32:42","guid":{"rendered":"https:\/\/cidadecult.com.br\/novo\/aruc-60-almanaque-de-diamante-leva-reflexao-sobre-educacao-patrimonial-as-escolas-publicas-do-df\/"},"modified":"2023-08-15T18:32:42","modified_gmt":"2023-08-15T21:32:42","slug":"aruc-60-almanaque-de-diamante-leva-reflexao-sobre-educacao-patrimonial-as-escolas-publicas-do-df","status":"publish","type":"post","link":"https:\/\/cidadecult.com.br\/?p=1003","title":{"rendered":"&#8220;ARUC 60: Almanaque de Diamante&#8221; leva reflex\u00e3o sobre Educa\u00e7\u00e3o Patrimonial \u00e0s escolas p\u00fablicas do DF"},"content":{"rendered":"<p style=\"border: 0px solid #d9d9e3; box-sizing: border-box; --tw-border-spacing-x: 0; --tw-border-spacing-y: 0; --tw-translate-x: 0; --tw-translate-y: 0; --tw-rotate: 0; --tw-skew-x: 0; --tw-skew-y: 0; --tw-scale-x: 1; --tw-scale-y: 1; --tw-scroll-snap-strictness: proximity; --tw-ring-offset-width: 0px; --tw-ring-offset-color: #fff; --tw-ring-color: rgba(69,89,164,0.5); --tw-ring-offset-shadow: 0 0 transparent; --tw-ring-shadow: 0 0 transparent; --tw-shadow: 0 0 transparent; --tw-shadow-colored: 0 0 transparent; margin: 1.25em 0px; color: #374151; font-family: S\u00f6hne, ui-sans-serif, system-ui, -apple-system, 'Segoe UI', Roboto, Ubuntu, Cantarell, 'Noto Sans', sans-serif, 'Helvetica Neue', Arial, 'Apple Color Emoji', 'Segoe UI Emoji', 'Segoe UI Symbol', 'Noto Color Emoji'; font-size: 16px; white-space: pre-wrap; background-color: #f7f7f8;\">A Associa\u00e7\u00e3o Recreativa Cultural Unidos do Cruzeiro (ARUC), reconhecida como Patrim\u00f4nio Cultural Imaterial do Distrito Federal, deu in\u00edcio \u00e0 divulga\u00e7\u00e3o do &#8220;Almanaque de Diamante: ARUC 60 anos&#8221;. Em uma s\u00e9rie de encontros programados entre agosto e outubro, Rafael Fernandes, presidente da ARUC, est\u00e1 apresentando o legado hist\u00f3rico da entidade a estudantes da rede p\u00fablica de ensino. A ARUC, uma das institui\u00e7\u00f5es mais antigas de Bras\u00edlia e detentora de diversos t\u00edtulos de desfiles de escola de samba do DF, busca promover a Educa\u00e7\u00e3o Patrimonial por meio dessa iniciativa.<\/p>\n<p style=\"border: 0px solid #d9d9e3; box-sizing: border-box; --tw-border-spacing-x: 0; --tw-border-spacing-y: 0; --tw-translate-x: 0; --tw-translate-y: 0; --tw-rotate: 0; --tw-skew-x: 0; --tw-skew-y: 0; --tw-scale-x: 1; --tw-scale-y: 1; --tw-scroll-snap-strictness: proximity; --tw-ring-offset-width: 0px; --tw-ring-offset-color: #fff; --tw-ring-color: rgba(69,89,164,0.5); --tw-ring-offset-shadow: 0 0 transparent; --tw-ring-shadow: 0 0 transparent; --tw-shadow: 0 0 transparent; --tw-shadow-colored: 0 0 transparent; margin: 1.25em 0px; color: #374151; font-family: S\u00f6hne, ui-sans-serif, system-ui, -apple-system, 'Segoe UI', Roboto, Ubuntu, Cantarell, 'Noto Sans', sans-serif, 'Helvetica Neue', Arial, 'Apple Color Emoji', 'Segoe UI Emoji', 'Segoe UI Symbol', 'Noto Color Emoji'; font-size: 16px; white-space: pre-wrap; background-color: #f7f7f8;\">O primeiro centro de ensino a receber essas atividades foi o Centro de Ensino Fundamental 01, localizado no Cruzeiro. Durante esses encontros, Fernandes explora a Educa\u00e7\u00e3o Patrimonial ao compartilhar hist\u00f3rias e curiosidades presentes no Almanaque. Entre esses relatos est\u00e1 o curioso batismo da ARUC pela Portela, quando Natalino Jos\u00e9 do Nascimento, tamb\u00e9m conhecido como Natal da Portela, esteve em Bras\u00edlia em 1962. Al\u00e9m disso, Fernandes, que tamb\u00e9m \u00e9 professor de hist\u00f3ria, compartilhou eventos marcantes, como a vez em que a bandeira do desfile desapareceu, levando a ARUC a perder o campeonato em 1979, mesmo tendo ficado muito pr\u00f3ximo da vit\u00f3ria.<\/p>\n<p style=\"border: 0px solid #d9d9e3; box-sizing: border-box; --tw-border-spacing-x: 0; --tw-border-spacing-y: 0; --tw-translate-x: 0; --tw-translate-y: 0; --tw-rotate: 0; --tw-skew-x: 0; --tw-skew-y: 0; --tw-scale-x: 1; --tw-scale-y: 1; --tw-scroll-snap-strictness: proximity; --tw-ring-offset-width: 0px; --tw-ring-offset-color: #fff; --tw-ring-color: rgba(69,89,164,0.5); --tw-ring-offset-shadow: 0 0 transparent; --tw-ring-shadow: 0 0 transparent; --tw-shadow: 0 0 transparent; --tw-shadow-colored: 0 0 transparent; margin: 1.25em 0px; color: #374151; font-family: S\u00f6hne, ui-sans-serif, system-ui, -apple-system, 'Segoe UI', Roboto, Ubuntu, Cantarell, 'Noto Sans', sans-serif, 'Helvetica Neue', Arial, 'Apple Color Emoji', 'Segoe UI Emoji', 'Segoe UI Symbol', 'Noto Color Emoji'; font-size: 16px; white-space: pre-wrap; background-color: #f7f7f8;\">O &#8220;Almanaque de Diamante: ARUC 60 anos&#8221; \u00e9 um livro que faz parte do projeto de mem\u00f3ria da associa\u00e7\u00e3o, que visa preservar e divulgar o acervo da entidade. Al\u00e9m dos feitos no Carnaval, o livro tamb\u00e9m resgata a hist\u00f3ria da ARUC no mundo dos esportes, j\u00e1 que muitos atletas ol\u00edmpicos passaram pelas instala\u00e7\u00f5es do Cruzeiro Velho vestindo as cores azul e branca.<\/p>\n<p style=\"border: 0px solid #d9d9e3; box-sizing: border-box; --tw-border-spacing-x: 0; --tw-border-spacing-y: 0; --tw-translate-x: 0; --tw-translate-y: 0; --tw-rotate: 0; --tw-skew-x: 0; --tw-skew-y: 0; --tw-scale-x: 1; --tw-scale-y: 1; --tw-scroll-snap-strictness: proximity; --tw-ring-offset-width: 0px; --tw-ring-offset-color: #fff; --tw-ring-color: rgba(69,89,164,0.5); --tw-ring-offset-shadow: 0 0 transparent; --tw-ring-shadow: 0 0 transparent; --tw-shadow: 0 0 transparent; --tw-shadow-colored: 0 0 transparent; margin: 1.25em 0px; color: #374151; font-family: S\u00f6hne, ui-sans-serif, system-ui, -apple-system, 'Segoe UI', Roboto, Ubuntu, Cantarell, 'Noto Sans', sans-serif, 'Helvetica Neue', Arial, 'Apple Color Emoji', 'Segoe UI Emoji', 'Segoe UI Symbol', 'Noto Color Emoji'; font-size: 16px; white-space: pre-wrap; background-color: #f7f7f8;\">O termo &#8220;Almanaque&#8221; foi escolhido em virtude da tradi\u00e7\u00e3o de trazer informa\u00e7\u00f5es diversas sobre as atividades da associa\u00e7\u00e3o, remetendo a um resgate do formato tradicional. O almanaque re\u00fane, entre outros aspectos, um registro detalhado de todos os desfiles e uma lista dos t\u00edtulos esportivos conquistados, complementados por um rico acervo fotogr\u00e1fico. Rafael Fernandes destaca a colabora\u00e7\u00e3o do ex-presidente da ARUC, H\u00e9lio dos Santos, e da pr\u00f3pria equipe na compila\u00e7\u00e3o dessas informa\u00e7\u00f5es.<\/p>\n<p style=\"border: 0px solid #d9d9e3; box-sizing: border-box; --tw-border-spacing-x: 0; --tw-border-spacing-y: 0; --tw-translate-x: 0; --tw-translate-y: 0; --tw-rotate: 0; --tw-skew-x: 0; --tw-skew-y: 0; --tw-scale-x: 1; --tw-scale-y: 1; --tw-scroll-snap-strictness: proximity; --tw-ring-offset-width: 0px; --tw-ring-offset-color: #fff; --tw-ring-color: rgba(69,89,164,0.5); --tw-ring-offset-shadow: 0 0 transparent; --tw-ring-shadow: 0 0 transparent; --tw-shadow: 0 0 transparent; --tw-shadow-colored: 0 0 transparent; margin: 1.25em 0px; color: #374151; font-family: S\u00f6hne, ui-sans-serif, system-ui, -apple-system, 'Segoe UI', Roboto, Ubuntu, Cantarell, 'Noto Sans', sans-serif, 'Helvetica Neue', Arial, 'Apple Color Emoji', 'Segoe UI Emoji', 'Segoe UI Symbol', 'Noto Color Emoji'; font-size: 16px; white-space: pre-wrap; background-color: #f7f7f8;\">Originalmente previsto para ser lan\u00e7ado em 2021, quando a ARUC celebrou seu sexag\u00e9simo anivers\u00e1rio, o &#8220;Almanaque de Diamante: ARUC 60 anos&#8221; teve seu lan\u00e7amento adiado devido \u00e0s restri\u00e7\u00f5es impostas pela pandemia de Covid-19. Neste ano, o livro ser\u00e1 lan\u00e7ado ao p\u00fablico em geral durante as celebra\u00e7\u00f5es do anivers\u00e1rio da associa\u00e7\u00e3o, marcado para 21 de outubro.<\/p>\n<p style=\"border: 0px solid #d9d9e3; box-sizing: border-box; --tw-border-spacing-x: 0; --tw-border-spacing-y: 0; --tw-translate-x: 0; --tw-translate-y: 0; --tw-rotate: 0; --tw-skew-x: 0; --tw-skew-y: 0; --tw-scale-x: 1; --tw-scale-y: 1; --tw-scroll-snap-strictness: proximity; --tw-ring-offset-width: 0px; --tw-ring-offset-color: #fff; --tw-ring-color: rgba(69,89,164,0.5); --tw-ring-offset-shadow: 0 0 transparent; --tw-ring-shadow: 0 0 transparent; --tw-shadow: 0 0 transparent; --tw-shadow-colored: 0 0 transparent; margin: 1.25em 0px; color: #374151; font-family: S\u00f6hne, ui-sans-serif, system-ui, -apple-system, 'Segoe UI', Roboto, Ubuntu, Cantarell, 'Noto Sans', sans-serif, 'Helvetica Neue', Arial, 'Apple Color Emoji', 'Segoe UI Emoji', 'Segoe UI Symbol', 'Noto Color Emoji'; font-size: 16px; white-space: pre-wrap; background-color: #f7f7f8;\">O projeto &#8220;Almanaque de Diamante: ARUC 60 anos&#8221; \u00e9 fruto de um Termo de Fomento firmado entre a ARUC e o Instituto Latinoam\u00e9rica e Minist\u00e9rio do Turismo, com produ\u00e7\u00e3o da AB\u00c8B\u00c8 Produ\u00e7\u00f5es e o apoio da Academia Cruzeirense de Letras e do Instituto Aruc Cultural. O projeto visa atingir oito escolas p\u00fablicas, proporcionando exemplares do almanaque e atividades de Educa\u00e7\u00e3o Patrimonial. Esse esfor\u00e7o busca preservar e divulgar a cultura popular e a hist\u00f3ria cultural de Bras\u00edlia e do Distrito Federal.<\/p>\n<p style=\"border: 0px solid #d9d9e3; box-sizing: border-box; --tw-border-spacing-x: 0; --tw-border-spacing-y: 0; --tw-translate-x: 0; --tw-translate-y: 0; --tw-rotate: 0; --tw-skew-x: 0; --tw-skew-y: 0; --tw-scale-x: 1; --tw-scale-y: 1; --tw-scroll-snap-strictness: proximity; --tw-ring-offset-width: 0px; --tw-ring-offset-color: #fff; --tw-ring-color: rgba(69,89,164,0.5); --tw-ring-offset-shadow: 0 0 transparent; --tw-ring-shadow: 0 0 transparent; --tw-shadow: 0 0 transparent; --tw-shadow-colored: 0 0 transparent; margin: 1.25em 0px; color: #374151; font-family: S\u00f6hne, ui-sans-serif, system-ui, -apple-system, 'Segoe UI', Roboto, Ubuntu, Cantarell, 'Noto Sans', sans-serif, 'Helvetica Neue', Arial, 'Apple Color Emoji', 'Segoe UI Emoji', 'Segoe UI Symbol', 'Noto Color Emoji'; font-size: 16px; white-space: pre-wrap; background-color: #f7f7f8;\">Confira as datas das visitas do lan\u00e7amento &#8220;Almanaque de Diamante: ARUC 60 anos&#8221; em escolas p\u00fablicas:<\/p>\n<ul style=\"border: 0px solid #d9d9e3; box-sizing: border-box; --tw-border-spacing-x: 0; --tw-border-spacing-y: 0; --tw-translate-x: 0; --tw-translate-y: 0; --tw-rotate: 0; --tw-skew-x: 0; --tw-skew-y: 0; --tw-scale-x: 1; --tw-scale-y: 1; --tw-scroll-snap-strictness: proximity; --tw-ring-offset-width: 0px; --tw-ring-offset-color: #fff; --tw-ring-color: rgba(69,89,164,0.5); --tw-ring-offset-shadow: 0 0 transparent; --tw-ring-shadow: 0 0 transparent; --tw-shadow: 0 0 transparent; --tw-shadow-colored: 0 0 transparent; list-style-position: initial; list-style-image: initial; margin: 1.25em 0px 0px; padding: 0px; display: flex; flex-direction: column; color: #374151; font-family: S\u00f6hne, ui-sans-serif, system-ui, -apple-system, 'Segoe UI', Roboto, Ubuntu, Cantarell, 'Noto Sans', sans-serif, 'Helvetica Neue', Arial, 'Apple Color Emoji', 'Segoe UI Emoji', 'Segoe UI Symbol', 'Noto Color Emoji'; font-size: 16px; white-space: pre-wrap; background-color: #f7f7f8;\">\n<li style=\"border: 0px solid #d9d9e3; box-sizing: border-box; --tw-border-spacing-x: 0; --tw-border-spacing-y: 0; --tw-translate-x: 0; --tw-translate-y: 0; --tw-rotate: 0; --tw-skew-x: 0; --tw-skew-y: 0; --tw-scale-x: 1; --tw-scale-y: 1; --tw-scroll-snap-strictness: proximity; --tw-ring-offset-width: 0px; --tw-ring-offset-color: #fff; --tw-ring-color: rgba(69,89,164,0.5); --tw-ring-offset-shadow: 0 0 transparent; --tw-ring-shadow: 0 0 transparent; --tw-shadow: 0 0 transparent; --tw-shadow-colored: 0 0 transparent; margin: 0px; padding-left: 0.375em; display: block; min-height: 28px;\">17\/08 &#8211; CEFAB Cruzeiro Novo<\/li>\n<li style=\"border: 0px solid #d9d9e3; box-sizing: border-box; --tw-border-spacing-x: 0; --tw-border-spacing-y: 0; --tw-translate-x: 0; --tw-translate-y: 0; --tw-rotate: 0; --tw-skew-x: 0; --tw-skew-y: 0; --tw-scale-x: 1; --tw-scale-y: 1; --tw-scroll-snap-strictness: proximity; --tw-ring-offset-width: 0px; --tw-ring-offset-color: #fff; --tw-ring-color: rgba(69,89,164,0.5); --tw-ring-offset-shadow: 0 0 transparent; --tw-ring-shadow: 0 0 transparent; --tw-shadow: 0 0 transparent; --tw-shadow-colored: 0 0 transparent; margin: 0px; padding-left: 0.375em; display: block; min-height: 28px;\">04\/09 &#8211; CEF 306 norte<\/li>\n<li style=\"border: 0px solid #d9d9e3; box-sizing: border-box; --tw-border-spacing-x: 0; --tw-border-spacing-y: 0; --tw-translate-x: 0; --tw-translate-y: 0; --tw-rotate: 0; --tw-skew-x: 0; --tw-skew-y: 0; --tw-scale-x: 1; --tw-scale-y: 1; --tw-scroll-snap-strictness: proximity; --tw-ring-offset-width: 0px; --tw-ring-offset-color: #fff; --tw-ring-color: rgba(69,89,164,0.5); --tw-ring-offset-shadow: 0 0 transparent; --tw-ring-shadow: 0 0 transparent; --tw-shadow: 0 0 transparent; --tw-shadow-colored: 0 0 transparent; margin: 0px; padding-left: 0.375em; display: block; min-height: 28px;\">12\/09 &#8211; CEMI Cruzeiro<\/li>\n<li style=\"border: 0px solid #d9d9e3; box-sizing: border-box; --tw-border-spacing-x: 0; --tw-border-spacing-y: 0; --tw-translate-x: 0; --tw-translate-y: 0; --tw-rotate: 0; --tw-skew-x: 0; --tw-skew-y: 0; --tw-scale-x: 1; --tw-scale-y: 1; --tw-scroll-snap-strictness: proximity; --tw-ring-offset-width: 0px; --tw-ring-offset-color: #fff; --tw-ring-color: rgba(69,89,164,0.5); --tw-ring-offset-shadow: 0 0 transparent; --tw-ring-shadow: 0 0 transparent; --tw-shadow: 0 0 transparent; --tw-shadow-colored: 0 0 transparent; margin: 0px; padding-left: 0.375em; display: block; min-height: 28px;\">23\/09 &#8211; CEF 04 113 sul<\/li>\n<li style=\"border: 0px solid #d9d9e3; box-sizing: border-box; --tw-border-spacing-x: 0; --tw-border-spacing-y: 0; --tw-translate-x: 0; --tw-translate-y: 0; --tw-rotate: 0; --tw-skew-x: 0; --tw-skew-y: 0; --tw-scale-x: 1; --tw-scale-y: 1; --tw-scroll-snap-strictness: proximity; --tw-ring-offset-width: 0px; --tw-ring-offset-color: #fff; --tw-ring-color: rgba(69,89,164,0.5); --tw-ring-offset-shadow: 0 0 transparent; --tw-ring-shadow: 0 0 transparent; --tw-shadow: 0 0 transparent; --tw-shadow-colored: 0 0 transparent; margin: 0px; padding-left: 0.375em; display: block; min-height: 28px;\">10\/10 &#8211; CEF 03 10 de outubro<\/li>\n<li style=\"border: 0px solid #d9d9e3; box-sizing: border-box; --tw-border-spacing-x: 0; --tw-border-spacing-y: 0; --tw-translate-x: 0; --tw-translate-y: 0; --tw-rotate: 0; --tw-skew-x: 0; --tw-skew-y: 0; --tw-scale-x: 1; --tw-scale-y: 1; --tw-scroll-snap-strictness: proximity; --tw-ring-offset-width: 0px; --tw-ring-offset-color: #fff; --tw-ring-color: rgba(69,89,164,0.5); --tw-ring-offset-shadow: 0 0 transparent; --tw-ring-shadow: 0 0 transparent; --tw-shadow: 0 0 transparent; --tw-shadow-colored: 0 0 transparent; margin: 0px; padding-left: 0.375em; display: block; min-height: 28px;\">17\/10 &#8211; CED 02 Cruzeiro<\/li>\n<\/ul>\n","protected":false},"excerpt":{"rendered":"<p>A Associa\u00e7\u00e3o Recreativa Cultural Unidos do Cruzeiro (ARUC), reconhecida como Patrim\u00f4nio Cultural Imaterial do Distrito Federal, deu in\u00edcio \u00e0 divulga\u00e7\u00e3o do &#8220;Almanaque de Diamante: ARUC 60 anos&#8221;. Em uma s\u00e9rie de encontros programados entre agosto e outubro, Rafael Fernandes, presidente da ARUC, est\u00e1 apresentando o legado hist\u00f3rico da entidade a estudantes da rede p\u00fablica de [&hellip;]<\/p>\n","protected":false},"author":3,"featured_media":0,"comment_status":"open","ping_status":"open","sticky":false,"template":"","format":"standard","meta":{"_monsterinsights_skip_tracking":false,"_monsterinsights_sitenote_active":false,"_monsterinsights_sitenote_note":"","_monsterinsights_sitenote_category":0,"footnotes":""},"categories":[33],"tags":[],"class_list":["post-1003","post","type-post","status-publish","format-standard","hentry","category-joomla"],"_links":{"self":[{"href":"https:\/\/cidadecult.com.br\/index.php?rest_route=\/wp\/v2\/posts\/1003","targetHints":{"allow":["GET"]}}],"collection":[{"href":"https:\/\/cidadecult.com.br\/index.php?rest_route=\/wp\/v2\/posts"}],"about":[{"href":"https:\/\/cidadecult.com.br\/index.php?rest_route=\/wp\/v2\/types\/post"}],"author":[{"embeddable":true,"href":"https:\/\/cidadecult.com.br\/index.php?rest_route=\/wp\/v2\/users\/3"}],"replies":[{"embeddable":true,"href":"https:\/\/cidadecult.com.br\/index.php?rest_route=%2Fwp%2Fv2%2Fcomments&post=1003"}],"version-history":[{"count":0,"href":"https:\/\/cidadecult.com.br\/index.php?rest_route=\/wp\/v2\/posts\/1003\/revisions"}],"wp:attachment":[{"href":"https:\/\/cidadecult.com.br\/index.php?rest_route=%2Fwp%2Fv2%2Fmedia&parent=1003"}],"wp:term":[{"taxonomy":"category","embeddable":true,"href":"https:\/\/cidadecult.com.br\/index.php?rest_route=%2Fwp%2Fv2%2Fcategories&post=1003"},{"taxonomy":"post_tag","embeddable":true,"href":"https:\/\/cidadecult.com.br\/index.php?rest_route=%2Fwp%2Fv2%2Ftags&post=1003"}],"curies":[{"name":"wp","href":"https:\/\/api.w.org\/{rel}","templated":true}]}}